{"id":10009,"date":"2024-12-12T16:51:49","date_gmt":"2024-12-12T19:51:49","guid":{"rendered":"https:\/\/partediario.com.ar\/?p=10009"},"modified":"2024-12-13T08:48:51","modified_gmt":"2024-12-13T11:48:51","slug":"senado-cuarto-intermedio-en-la-sesion-que-define-la-expulsion-de-kueider","status":"publish","type":"post","link":"https:\/\/partediario.com.ar\/?p=10009","title":{"rendered":"Senado: cuarto intermedio en la sesi\u00f3n que define la expulsi\u00f3n de Kueider"},"content":{"rendered":"\n<h3 class=\"wp-block-heading\">El senador nacional por Entre R\u00edos Edgardo Kueider afirm\u00f3 hoy que es \u00abinaudito\u00bb que el Senado sesione para expulsarlo, ya que -seg\u00fan precis\u00f3- \u00abel dinero no estaba\u00bb en su mochila.<\/h3>\n\n\n\n<p>\u00abEs inaudito que el Senado quiera echarme sin escuchar mi versi\u00f3n de los hechos. Est\u00e1n vulnerando principios constitucionales como el derecho constitucional a la leg\u00edtima defensa\u00bb, apunt\u00f3 el legislador, que se encuentra detenido en Paraguay, luego de haber sido encontrado con m\u00e1s de 200 mil d\u00f3lares en efectivo sin declarar al intentar ingresar al pa\u00eds.<\/p>\n\n\n\n<p>Kueider consider\u00f3 \u00abuna locura\u00bb que la C\u00e1mara de Senadores se plantee excluirlo del cuerpo.<\/p>\n\n\n\n<p>El legislador reclam\u00f3 \u00abuna m\u00ednima instancia de defensa\u00bb para contar su versi\u00f3n sobre lo ocurrido la semana pasada en Paraguay.<\/p>\n\n\n\n<p>\u00abEst\u00e1n diciendo que sacaron toda la plata de mi mochila y eso no es as\u00ed, eso es falso, es una mentira\u00bb, destac\u00f3 el entrerriano.<\/p>\n\n\n\n<p>Seg\u00fan el senador, \u00abno pueden tomar una medida sancionatoria, y menos una expulsi\u00f3n, por una presunci\u00f3n\u00bb.<\/p>\n\n\n\n<p>\u00abMe parece una locura institucional\u00bb, a\u00f1adi\u00f3 Kueider en declaraciones a la prensa.<\/p>\n\n\n\n<p>Los dichos del senador nacional se conocieron en medio de la sesi\u00f3n de la C\u00e1mara alta en la que se debate la votaci\u00f3n para expulsarlo de la c\u00e1mara alta.<\/p>\n\n\n\n<p>\u00abNo fui sorprendido en flagrante delito porque el dinero no estaba en mi mochila. Cuando termin\u00f3 el operativo, el personal de la Aduana puso todo lo que hab\u00eda en el auto dentro de la mochila.<\/p>\n\n\n\n<p>Adem\u00e1s, yo declar\u00e9 lo que ten\u00eda encima en ese momento, declar\u00e9 que ten\u00eda ese dinero\u00bb, finaliz\u00f3 el legislador.<\/p>\n","protected":false},"excerpt":{"rendered":"<p>El senador nacional por Entre R&iacute;os Edgardo Kueider afirm&oacute; hoy que es &laquo;inaudito&raquo; que el Senado sesione para expulsarlo, ya que -seg&uacute;n precis&oacute;- &laquo;el dinero no estaba&raquo; en su mochila. &laquo;Es inaudito que el Senado quiera echarme sin escuchar mi versi&oacute;n de los hechos. Est&aacute;n vulnerando principios constitucionales como el derecho constitucional a la leg&iacute;tima [&hellip;]<\/p>\n","protected":false},"author":2,"featured_media":10010,"comment_status":"open","ping_status":"open","sticky":false,"template":"","format":"standard","meta":{"footnotes":""},"categories":[5,176],"tags":[280,3091,230],"class_list":["post-10009","post","type-post","status-publish","format-standard","has-post-thumbnail","hentry","category-nacionales","category-politica","tag-edgardo-kueider","tag-expulsion","tag-senado"],"_links":{"self":[{"href":"https:\/\/partediario.com.ar\/index.php?rest_route=\/wp\/v2\/posts\/10009","targetHints":{"allow":["GET"]}}],"collection":[{"href":"https:\/\/partediario.com.ar\/index.php?rest_route=\/wp\/v2\/posts"}],"about":[{"href":"https:\/\/partediario.com.ar\/index.php?rest_route=\/wp\/v2\/types\/post"}],"author":[{"embeddable":true,"href":"https:\/\/partediario.com.ar\/index.php?rest_route=\/wp\/v2\/users\/2"}],"replies":[{"embeddable":true,"href":"https:\/\/partediario.com.ar\/index.php?rest_route=%2Fwp%2Fv2%2Fcomments&post=10009"}],"version-history":[{"count":1,"href":"https:\/\/partediario.com.ar\/index.php?rest_route=\/wp\/v2\/posts\/10009\/revisions"}],"predecessor-version":[{"id":10011,"href":"https:\/\/partediario.com.ar\/index.php?rest_route=\/wp\/v2\/posts\/10009\/revisions\/10011"}],"wp:featuredmedia":[{"embeddable":true,"href":"https:\/\/partediario.com.ar\/index.php?rest_route=\/wp\/v2\/media\/10010"}],"wp:attachment":[{"href":"https:\/\/partediario.com.ar\/index.php?rest_route=%2Fwp%2Fv2%2Fmedia&parent=10009"}],"wp:term":[{"taxonomy":"category","embeddable":true,"href":"https:\/\/partediario.com.ar\/index.php?rest_route=%2Fwp%2Fv2%2Fcategories&post=10009"},{"taxonomy":"post_tag","embeddable":true,"href":"https:\/\/partediario.com.ar\/index.php?rest_route=%2Fwp%2Fv2%2Ftags&post=10009"}],"curies":[{"name":"wp","href":"https:\/\/api.w.org\/{rel}","templated":true}]}}