{"id":10015,"date":"2024-12-12T17:06:36","date_gmt":"2024-12-12T20:06:36","guid":{"rendered":"https:\/\/partediario.com.ar\/?p=10015"},"modified":"2024-12-13T08:48:43","modified_gmt":"2024-12-13T11:48:43","slug":"la-jueza-sandra-arroyo-salgado-solicito-el-desafuero-y-la-detencion-del-senador-entrerriano-edgardo-kueider","status":"publish","type":"post","link":"https:\/\/partediario.com.ar\/?p=10015","title":{"rendered":"La jueza Sandra Arroyo Salgado solicit\u00f3 el desafuero y la detenci\u00f3n del senador entrerriano Edgardo Kueider"},"content":{"rendered":"\n<h3 class=\"wp-block-heading\">La jueza federal Sandra Arroyo Salgado, que investiga a la empresa Betails en Entre R\u00edos, pidi\u00f3 la detenci\u00f3n y el desafuero del senador nacional por Entre R\u00edos Edgardo Kueider, quien se encuentra con prisi\u00f3n domiciliaria en Asunci\u00f3n, Paraguay.<\/h3>\n\n\n\n<p>La magistrada adem\u00e1s solicit\u00f3 la extradici\u00f3n de Iara Guinsel Costa, secretaria del legislador que lo acompa\u00f1aba cuando llevaba US$200 mil sin poder demostrar el origen.<\/p>\n\n\n\n<p>La causa se inici\u00f3 en la Argentina tras que Kueider fuera detenido en Paraguay al intentar ingresar con m\u00e1s de 200 mil d\u00f3lares sin declarar.<\/p>\n\n\n\n<p>Desde la semana pasada se encuentra detenido en ese pa\u00eds, y tras pagar una fianza, pas\u00f3 a estar con domiciliaria en un departamento de lujo en la ciudad de Asunci\u00f3n.<\/p>\n\n\n\n<p>La decisi\u00f3n de la jueza federal se conoci\u00f3 minutos antes de que el Senado de la Naci\u00f3n se reuniera en sesi\u00f3n especial para discutir su expulsi\u00f3n, suspensi\u00f3n o pedido de licencia.<\/p>\n\n\n\n<p>El bloque de Uni\u00f3n por la Patria, al que perteneci\u00f3 Kueider antes de negociar con el oficialismo, reclamara que el entrerriano sea expulsado de la C\u00e1mara alta.<\/p>\n\n\n\n<p>Mientras que La Libertad Avanza y el PRO barajan otras opciones, aunque el pedido de desafuero cambi\u00f3 el escenario de la sesi\u00f3n de este jueves.<\/p>\n\n\n\n<p>El desafuero puede ser tratado hoy si entra en medio de la sesi\u00f3n y si consigue los dos tercios de los presentes, puede quedar sellado el futuro de Kueider.<\/p>\n\n\n\n<p>La otra opci\u00f3n es que se gire el pedido de Arroyo Salgado a la comisi\u00f3n de Asuntos Constitucionales y all\u00ed se analice.<\/p>\n","protected":false},"excerpt":{"rendered":"<p>La jueza federal Sandra Arroyo Salgado, que investiga a la empresa Betails en Entre R&iacute;os, pidi&oacute; la detenci&oacute;n y el desafuero del senador nacional por Entre R&iacute;os Edgardo Kueider, quien se encuentra con prisi&oacute;n domiciliaria en Asunci&oacute;n, Paraguay. La magistrada adem&aacute;s solicit&oacute; la extradici&oacute;n de Iara Guinsel Costa, secretaria del legislador que lo acompa&ntilde;aba cuando [&hellip;]<\/p>\n","protected":false},"author":2,"featured_media":10016,"comment_status":"open","ping_status":"open","sticky":false,"template":"","format":"standard","meta":{"footnotes":""},"categories":[979,5,176],"tags":[4557,902,280,2053,4556],"class_list":["post-10015","post","type-post","status-publish","format-standard","has-post-thumbnail","hentry","category-judiciales","category-nacionales","category-politica","tag-desafuero","tag-detencion","tag-edgardo-kueider","tag-pedido","tag-sandra-arroyo-salgado"],"_links":{"self":[{"href":"https:\/\/partediario.com.ar\/index.php?rest_route=\/wp\/v2\/posts\/10015","targetHints":{"allow":["GET"]}}],"collection":[{"href":"https:\/\/partediario.com.ar\/index.php?rest_route=\/wp\/v2\/posts"}],"about":[{"href":"https:\/\/partediario.com.ar\/index.php?rest_route=\/wp\/v2\/types\/post"}],"author":[{"embeddable":true,"href":"https:\/\/partediario.com.ar\/index.php?rest_route=\/wp\/v2\/users\/2"}],"replies":[{"embeddable":true,"href":"https:\/\/partediario.com.ar\/index.php?rest_route=%2Fwp%2Fv2%2Fcomments&post=10015"}],"version-history":[{"count":1,"href":"https:\/\/partediario.com.ar\/index.php?rest_route=\/wp\/v2\/posts\/10015\/revisions"}],"predecessor-version":[{"id":10017,"href":"https:\/\/partediario.com.ar\/index.php?rest_route=\/wp\/v2\/posts\/10015\/revisions\/10017"}],"wp:featuredmedia":[{"embeddable":true,"href":"https:\/\/partediario.com.ar\/index.php?rest_route=\/wp\/v2\/media\/10016"}],"wp:attachment":[{"href":"https:\/\/partediario.com.ar\/index.php?rest_route=%2Fwp%2Fv2%2Fmedia&parent=10015"}],"wp:term":[{"taxonomy":"category","embeddable":true,"href":"https:\/\/partediario.com.ar\/index.php?rest_route=%2Fwp%2Fv2%2Fcategories&post=10015"},{"taxonomy":"post_tag","embeddable":true,"href":"https:\/\/partediario.com.ar\/index.php?rest_route=%2Fwp%2Fv2%2Ftags&post=10015"}],"curies":[{"name":"wp","href":"https:\/\/api.w.org\/{rel}","templated":true}]}}