{"id":10021,"date":"2024-12-13T08:10:18","date_gmt":"2024-12-13T11:10:18","guid":{"rendered":"https:\/\/partediario.com.ar\/?p=10021"},"modified":"2024-12-13T08:10:19","modified_gmt":"2024-12-13T11:10:19","slug":"victoria-se-desarrollo-el-ciclo-gratuito-de-cocina-saludable","status":"publish","type":"post","link":"https:\/\/partediario.com.ar\/?p=10021","title":{"rendered":"Victoria: se desarrollo el Ciclo Gratuito de Cocina Saludable"},"content":{"rendered":"\n<h3 class=\"wp-block-heading\">En el d\u00eda de ayer se inici\u00f3 el ciclo gratuito de cocina saludable en nuestro Centro Integrador Comunitario (CIC).<\/h3>\n\n\n\n<p>Julia Piano y la nutricionista Lorena Cruz nos brindaron el primer taller \u00abMen\u00fa Navide\u00f1o\u00bb.<\/p>\n\n\n\n<p>Pasamos una hermosa tarde donde nos conectamos a trav\u00e9s de la cocina. Desde la Municipalidad de Victoria seguimos desarrollando espacios de integraci\u00f3n comunitaria a trav\u00e9s de talleres libres y gratuitos.<\/p>\n\n\n\n<p><\/p>\n\n\n\n<figure class=\"wp-block-image size-large\"><img loading=\"lazy\" decoding=\"async\" width=\"1024\" height=\"682\" src=\"https:\/\/partediario.com.ar\/wp-content\/uploads\/470197143_993487912806143_1832023318895845309_n-1024x682.jpg\" alt=\"\" class=\"wp-image-10022\" srcset=\"https:\/\/partediario.com.ar\/wp-content\/uploads\/470197143_993487912806143_1832023318895845309_n-1024x682.jpg 1024w, https:\/\/partediario.com.ar\/wp-content\/uploads\/470197143_993487912806143_1832023318895845309_n-300x200.jpg 300w, https:\/\/partediario.com.ar\/wp-content\/uploads\/470197143_993487912806143_1832023318895845309_n-768x512.jpg 768w, https:\/\/partediario.com.ar\/wp-content\/uploads\/470197143_993487912806143_1832023318895845309_n-1536x1023.jpg 1536w, https:\/\/partediario.com.ar\/wp-content\/uploads\/470197143_993487912806143_1832023318895845309_n.jpg 1600w\" sizes=\"auto, (max-width: 1024px) 100vw, 1024px\" \/><\/figure>\n\n\n\n<p><\/p>\n\n\n\n<figure class=\"wp-block-image size-large\"><img loading=\"lazy\" decoding=\"async\" width=\"1024\" height=\"682\" src=\"https:\/\/partediario.com.ar\/wp-content\/uploads\/470130267_993487632806171_6599451524241369636_n-1024x682.jpg\" alt=\"\" class=\"wp-image-10023\" srcset=\"https:\/\/partediario.com.ar\/wp-content\/uploads\/470130267_993487632806171_6599451524241369636_n-1024x682.jpg 1024w, https:\/\/partediario.com.ar\/wp-content\/uploads\/470130267_993487632806171_6599451524241369636_n-300x200.jpg 300w, https:\/\/partediario.com.ar\/wp-content\/uploads\/470130267_993487632806171_6599451524241369636_n-768x512.jpg 768w, https:\/\/partediario.com.ar\/wp-content\/uploads\/470130267_993487632806171_6599451524241369636_n-1536x1023.jpg 1536w, https:\/\/partediario.com.ar\/wp-content\/uploads\/470130267_993487632806171_6599451524241369636_n.jpg 1600w\" sizes=\"auto, (max-width: 1024px) 100vw, 1024px\" \/><\/figure>\n\n\n\n<p><\/p>\n\n\n\n<p>Te esperamos en el pr\u00f3ximo encuentro.<\/p>\n\n\n\n<p>Agend\u00e1: mi\u00e9rcoles 15 de enero a las 17:00 en el CIC( Cochabamba y Passo), vamos a realizar el segundo taller, dedicado a postres y tortillas.<\/p>\n\n\n\n<p>Victoria, <a href=\"#MiCiudadQuerida\">#MiCiudadQuerida<\/a><\/p>\n","protected":false},"excerpt":{"rendered":"<p>En el d&iacute;a de ayer se inici&oacute; el ciclo gratuito de cocina saludable en nuestro Centro Integrador Comunitario (CIC). Julia Piano y la nutricionista Lorena Cruz nos brindaron el primer taller &laquo;Men&uacute; Navide&ntilde;o&raquo;. Pasamos una hermosa tarde donde nos conectamos a trav&eacute;s de la cocina. Desde la Municipalidad de Victoria seguimos desarrollando espacios de integraci&oacute;n [&hellip;]<\/p>\n","protected":false},"author":2,"featured_media":10024,"comment_status":"open","ping_status":"open","sticky":false,"template":"","format":"standard","meta":{"footnotes":""},"categories":[3272],"tags":[4559,1446,4560,379],"class_list":["post-10021","post","type-post","status-publish","format-standard","has-post-thumbnail","hentry","category-municipales","tag-cocina","tag-gratuito-2","tag-saludable","tag-victoria"],"_links":{"self":[{"href":"https:\/\/partediario.com.ar\/index.php?rest_route=\/wp\/v2\/posts\/10021","targetHints":{"allow":["GET"]}}],"collection":[{"href":"https:\/\/partediario.com.ar\/index.php?rest_route=\/wp\/v2\/posts"}],"about":[{"href":"https:\/\/partediario.com.ar\/index.php?rest_route=\/wp\/v2\/types\/post"}],"author":[{"embeddable":true,"href":"https:\/\/partediario.com.ar\/index.php?rest_route=\/wp\/v2\/users\/2"}],"replies":[{"embeddable":true,"href":"https:\/\/partediario.com.ar\/index.php?rest_route=%2Fwp%2Fv2%2Fcomments&post=10021"}],"version-history":[{"count":1,"href":"https:\/\/partediario.com.ar\/index.php?rest_route=\/wp\/v2\/posts\/10021\/revisions"}],"predecessor-version":[{"id":10025,"href":"https:\/\/partediario.com.ar\/index.php?rest_route=\/wp\/v2\/posts\/10021\/revisions\/10025"}],"wp:featuredmedia":[{"embeddable":true,"href":"https:\/\/partediario.com.ar\/index.php?rest_route=\/wp\/v2\/media\/10024"}],"wp:attachment":[{"href":"https:\/\/partediario.com.ar\/index.php?rest_route=%2Fwp%2Fv2%2Fmedia&parent=10021"}],"wp:term":[{"taxonomy":"category","embeddable":true,"href":"https:\/\/partediario.com.ar\/index.php?rest_route=%2Fwp%2Fv2%2Fcategories&post=10021"},{"taxonomy":"post_tag","embeddable":true,"href":"https:\/\/partediario.com.ar\/index.php?rest_route=%2Fwp%2Fv2%2Ftags&post=10021"}],"curies":[{"name":"wp","href":"https:\/\/api.w.org\/{rel}","templated":true}]}}