{"id":10026,"date":"2024-12-13T08:21:54","date_gmt":"2024-12-13T11:21:54","guid":{"rendered":"https:\/\/partediario.com.ar\/?p=10026"},"modified":"2024-12-14T12:26:31","modified_gmt":"2024-12-14T15:26:31","slug":"dudas-en-el-senado-por-la-legalidad-de-la-sesion-tranquilamente-podria-darse-la-impugnacion-afirmaron","status":"publish","type":"post","link":"https:\/\/partediario.com.ar\/?p=10026","title":{"rendered":"Dudas en el Senado por la legalidad de la sesi\u00f3n: \u00abTranquilamente, podr\u00eda darse la impugnaci\u00f3n\u00bb, afirmaron"},"content":{"rendered":"\n<h3 class=\"wp-block-heading\">El bloque de La Libertad Avanza (LLA) en el Senado, gener\u00f3 dudas sobre la legalidad de la sesi\u00f3n en la que se expuls\u00f3 al entrerriano Edgardo Kueider, ya que aseveran que la vicepresidenta Victoria Villarruel encabez\u00f3 la discusi\u00f3n en momentos en que deber\u00eda haber estado al frente del Poder Ejecutivo por el viaje del mandatario Javier Milei.<\/h3>\n\n\n\n<p>\u00abYo creo que un escribano debi\u00f3 haberse constituido en la c\u00e1mara y hacerle firmar. Son cuestiones jur\u00eddicas elementales. Tranquilamente podr\u00eda darse la impugnaci\u00f3n de la sesi\u00f3n de hoy. Tendr\u00eda que haberse hecho un acta de traspaso de mando y firmar la vicepresidenta. Ni bien se firma el acta, cumple otras funciones. Ahora tendr\u00e1n que dilucidar qui\u00e9n tiene la responsabilidad\u00bb, destac\u00f3 el senador oficialista Carlos Pagotto.<\/p>\n\n\n\n<p>El libertario abri\u00f3 la discusi\u00f3n sobre la legalidad de la sesi\u00f3n con el argumento de que cuando Milei est\u00e1 de viaje, Villarruel debe tomar el Ejecutivo y no puede presidir sesiones, as\u00ed como hizo esta jornada.<\/p>\n\n\n\n<p>El escribano que hace el traspaso del mando y lo plasma en un acta lleg\u00f3 al Senado a las 19, cuando la sesi\u00f3n ya hab\u00eda finalizado.<\/p>\n\n\n\n<p>Seg\u00fan lo que inform\u00f3 el vocero presidencial Manuel Adorni, Milei hab\u00eda partido rumbo a Italia en horas del mediod\u00eda.<\/p>\n\n\n\n<p>Fuentes cercanas a la titular del Senado, se\u00f1alaron que no hubo informaci\u00f3n previa con el escribano ni con Casa Rosada en la que se le comunicara que el jefe de Estado ya hab\u00eda salido del pa\u00eds y por eso encabez\u00f3 la sesi\u00f3n.<\/p>\n\n\n\n<p>\u00abYo no s\u00e9 si la vicepresidenta no pod\u00eda estar al tanto de que Milei no viajaba. Esto era p\u00fablico. Y aun cuando estaba en sesi\u00f3n, tendr\u00eda que haber sido notificada antes. Todo esto tendr\u00eda que haberse charlado antes. Y si la llamaron a Villarruel y no contest\u00f3, el escribano general de Gobierno tendr\u00eda que haber ido al Congreso. \u00bfCu\u00e1nto puede demorar desde Casa Rosada? \u00ab, detall\u00f3 Pagotto en declaraciones period\u00edsticas.<\/p>\n\n\n\n<p>Y acot\u00f3: \u00abEste tipo de situaciones nos hacen quedar muy mal. La Constituci\u00f3n prev\u00e9 que no estando el Presidente, la vicepresidenta es la que asume la presidencia. No puede predecir el Senado\u00bb.<\/p>\n\n\n\n<p>\u00abSon funciones completamente distintas. Por eso es anulable. La nulidad la puede pedir un senador, un interesado o cualquier ciudadano. Cualquier persona est\u00e1 habilitada para pedir este tipo de cosas\u00bb, concluy\u00f3.<\/p>\n","protected":false},"excerpt":{"rendered":"<p>El bloque de La Libertad Avanza (LLA) en el Senado, gener&oacute; dudas sobre la legalidad de la sesi&oacute;n en la que se expuls&oacute; al entrerriano Edgardo Kueider, ya que aseveran que la vicepresidenta Victoria Villarruel encabez&oacute; la discusi&oacute;n en momentos en que deber&iacute;a haber estado al frente del Poder Ejecutivo por el viaje del mandatario [&hellip;]<\/p>\n","protected":false},"author":2,"featured_media":10027,"comment_status":"open","ping_status":"open","sticky":false,"template":"","format":"standard","meta":{"footnotes":""},"categories":[5,176],"tags":[4562,232,4561,646,230,2768,642,233],"class_list":["post-10026","post","type-post","status-publish","format-standard","has-post-thumbnail","hentry","category-nacionales","category-politica","tag-carlos-pagotto","tag-javier-milei","tag-legalidad","tag-manuel-adorni","tag-senado","tag-sesion","tag-viaje","tag-victoria-villarruel"],"_links":{"self":[{"href":"https:\/\/partediario.com.ar\/index.php?rest_route=\/wp\/v2\/posts\/10026","targetHints":{"allow":["GET"]}}],"collection":[{"href":"https:\/\/partediario.com.ar\/index.php?rest_route=\/wp\/v2\/posts"}],"about":[{"href":"https:\/\/partediario.com.ar\/index.php?rest_route=\/wp\/v2\/types\/post"}],"author":[{"embeddable":true,"href":"https:\/\/partediario.com.ar\/index.php?rest_route=\/wp\/v2\/users\/2"}],"replies":[{"embeddable":true,"href":"https:\/\/partediario.com.ar\/index.php?rest_route=%2Fwp%2Fv2%2Fcomments&post=10026"}],"version-history":[{"count":1,"href":"https:\/\/partediario.com.ar\/index.php?rest_route=\/wp\/v2\/posts\/10026\/revisions"}],"predecessor-version":[{"id":10028,"href":"https:\/\/partediario.com.ar\/index.php?rest_route=\/wp\/v2\/posts\/10026\/revisions\/10028"}],"wp:featuredmedia":[{"embeddable":true,"href":"https:\/\/partediario.com.ar\/index.php?rest_route=\/wp\/v2\/media\/10027"}],"wp:attachment":[{"href":"https:\/\/partediario.com.ar\/index.php?rest_route=%2Fwp%2Fv2%2Fmedia&parent=10026"}],"wp:term":[{"taxonomy":"category","embeddable":true,"href":"https:\/\/partediario.com.ar\/index.php?rest_route=%2Fwp%2Fv2%2Fcategories&post=10026"},{"taxonomy":"post_tag","embeddable":true,"href":"https:\/\/partediario.com.ar\/index.php?rest_route=%2Fwp%2Fv2%2Ftags&post=10026"}],"curies":[{"name":"wp","href":"https:\/\/api.w.org\/{rel}","templated":true}]}}