{"id":10033,"date":"2024-12-13T08:38:30","date_gmt":"2024-12-13T11:38:30","guid":{"rendered":"https:\/\/partediario.com.ar\/?p=10033"},"modified":"2024-12-14T12:26:21","modified_gmt":"2024-12-14T15:26:21","slug":"expulsion-de-kueider-el-senado-se-convirtio-en-juez-expreso-abad-tras-su-voto-negativo","status":"publish","type":"post","link":"https:\/\/partediario.com.ar\/?p=10033","title":{"rendered":"Expulsi\u00f3n de Kueider: \u00abEl Senado se convirti\u00f3 en juez\u00bb, expres\u00f3 Abad tras su voto negativo"},"content":{"rendered":"\n<h3 class=\"wp-block-heading\">El senador y titular del Comit\u00e9 Nacional de la Uni\u00f3n C\u00edvica Radical bonaerense, Maximiliano Abad, fundament\u00f3 su rechazo a la expulsi\u00f3n de Edgardo Kueider al considerar que el Senado de la Naci\u00f3n se atribuy\u00f3 las facultades de la Justicia.<\/h3>\n\n\n\n<p>\u00abEl Senado de la Naci\u00f3n se convirti\u00f3 en juez frente al caso Kueider. Para hacerlo de manera correcta debi\u00f3 seguir los mismos pasos que los tribunales: recopilar las pruebas, documentarlas, evaluarlas y luego dictaminar\u00bb, destac\u00f3 Abad en su cuenta de X.<\/p>\n\n\n\n<p><\/p>\n\n\n\n<blockquote class=\"twitter-tweet\"><p lang=\"es\" dir=\"ltr\">El Senado de la Naci\u00f3n se convirti\u00f3 en juez frente al caso Kueider. Para hacerlo de manera correcta debi\u00f3 seguir los mismos pasos que los tribunales: recopilar las pruebas, documentarlas, evaluarlas y luego dictaminar.<\/p>&mdash; Maxi Abad (@MaxiAbad) <a href=\"https:\/\/twitter.com\/MaxiAbad\/status\/1867336553158389988?ref_src=twsrc%5Etfw\">December 12, 2024<\/a><\/blockquote> <script async src=\"https:\/\/platform.twitter.com\/widgets.js\" charset=\"utf-8\"><\/script>\n\n\n\n<p><\/p>\n\n\n\n<p>Para Abad, en lugar \u00abde actuar desde el lugar institucional que le corresponde como c\u00e1mara alta del poder legislativo, el Senado jug\u00f3 para la tribuna\u00bb.<\/p>\n\n\n\n<p>\u00abNo se respetaron reglas ni procedimientos. Mi posici\u00f3n es clara, la sustento con argumentos y est\u00e1 alejada de cualquier especulaci\u00f3n\u00bb, agreg\u00f3 el radical de la Provincia de Buenos Aires de cercan\u00eda con el mendocino Ernesto Sanz.<\/p>\n\n\n\n<p>Abad indic\u00f3 adem\u00e1s que Kueider debi\u00f3 ser suspendido y desaforado. \u00abSe quitaban todos los derechos: voz, voto y dieta. Se le permit\u00eda a Arroyo Salgado detenerlo e investigarlo. D\u00e1bamos una se\u00f1al r\u00e1pida y eficaz a la sociedad. No le regal\u00e1bamos una banca al kirchnerismo\u00bb, apunt\u00f3.<\/p>\n","protected":false},"excerpt":{"rendered":"<p>El senador y titular del Comit&eacute; Nacional de la Uni&oacute;n C&iacute;vica Radical bonaerense, Maximiliano Abad, fundament&oacute; su rechazo a la expulsi&oacute;n de Edgardo Kueider al considerar que el Senado de la Naci&oacute;n se atribuy&oacute; las facultades de la Justicia. &laquo;El Senado de la Naci&oacute;n se convirti&oacute; en juez frente al caso Kueider. Para hacerlo de [&hellip;]<\/p>\n","protected":false},"author":2,"featured_media":10034,"comment_status":"open","ping_status":"open","sticky":false,"template":"","format":"standard","meta":{"footnotes":""},"categories":[5,176],"tags":[4564,4565,230,664],"class_list":["post-10033","post","type-post","status-publish","format-standard","has-post-thumbnail","hentry","category-nacionales","category-politica","tag-kueider","tag-maximiliano-abad","tag-senado","tag-ucr"],"_links":{"self":[{"href":"https:\/\/partediario.com.ar\/index.php?rest_route=\/wp\/v2\/posts\/10033","targetHints":{"allow":["GET"]}}],"collection":[{"href":"https:\/\/partediario.com.ar\/index.php?rest_route=\/wp\/v2\/posts"}],"about":[{"href":"https:\/\/partediario.com.ar\/index.php?rest_route=\/wp\/v2\/types\/post"}],"author":[{"embeddable":true,"href":"https:\/\/partediario.com.ar\/index.php?rest_route=\/wp\/v2\/users\/2"}],"replies":[{"embeddable":true,"href":"https:\/\/partediario.com.ar\/index.php?rest_route=%2Fwp%2Fv2%2Fcomments&post=10033"}],"version-history":[{"count":1,"href":"https:\/\/partediario.com.ar\/index.php?rest_route=\/wp\/v2\/posts\/10033\/revisions"}],"predecessor-version":[{"id":10035,"href":"https:\/\/partediario.com.ar\/index.php?rest_route=\/wp\/v2\/posts\/10033\/revisions\/10035"}],"wp:featuredmedia":[{"embeddable":true,"href":"https:\/\/partediario.com.ar\/index.php?rest_route=\/wp\/v2\/media\/10034"}],"wp:attachment":[{"href":"https:\/\/partediario.com.ar\/index.php?rest_route=%2Fwp%2Fv2%2Fmedia&parent=10033"}],"wp:term":[{"taxonomy":"category","embeddable":true,"href":"https:\/\/partediario.com.ar\/index.php?rest_route=%2Fwp%2Fv2%2Fcategories&post=10033"},{"taxonomy":"post_tag","embeddable":true,"href":"https:\/\/partediario.com.ar\/index.php?rest_route=%2Fwp%2Fv2%2Ftags&post=10033"}],"curies":[{"name":"wp","href":"https:\/\/api.w.org\/{rel}","templated":true}]}}