{"id":10043,"date":"2024-12-13T15:20:29","date_gmt":"2024-12-13T18:20:29","guid":{"rendered":"https:\/\/partediario.com.ar\/?p=10043"},"modified":"2024-12-14T12:25:58","modified_gmt":"2024-12-14T15:25:58","slug":"por-orden-de-la-justicia-clausuraron-la-oficina-de-kueider-en-el-senado","status":"publish","type":"post","link":"https:\/\/partediario.com.ar\/?p=10043","title":{"rendered":"Por orden de la Justicia clausuraron la oficina de Kueider en el Senado"},"content":{"rendered":"\n<h3 class=\"wp-block-heading\">El ingreso al despacho del por ahora ex senador, apareci\u00f3 con una faja de seguridad y varios precintos. No fue allanado porque estaban sesionando.<\/h3>\n\n\n\n<p>En medio de la sesi\u00f3n especial que finalmente aprob\u00f3 la remoci\u00f3n de Edgardo Kueider en el Senado, se supo que una de las oficinas que funcionaban como despacho del exlegislador del bloque Unidad Federal, detenido en Paraguay por la portaci\u00f3n de 211.000 d\u00f3lares sin poder demostrar su origen, fue clausurada por orden de la justicia.<\/p>\n\n\n\n<p>La medida se hizo efectiva despu\u00e9s que la jueza Sandra Arroyo Salgado le haya hecho un pedido formal a la presidenta del Senado, Victoria Villarruel, para que avanzara con el desafuero de Kueider.<\/p>\n\n\n\n<p>El ingreso al despacho apareci\u00f3 con una faja de seguridad y varios precintos, pero no fue allanado porque en esos<br>momentos la sesi\u00f3n se estaba llevando a cabo. Con la remoci\u00f3n aprobada, es inminente la intervenci\u00f3n f\u00edsica de personal policial ordenado por la jueza para requisar la oficina.<\/p>\n\n\n\n<p>A todo esto, el pedido de la jueza sobre las autoridades del Senado fue por una causa en la que se investiga presunto enriquecimiento il\u00edcito. La medida fue replicada en oficinas en Entre R\u00edos.<\/p>\n","protected":false},"excerpt":{"rendered":"<p>El ingreso al despacho del por ahora ex senador, apareci&oacute; con una faja de seguridad y varios precintos. No fue allanado porque estaban sesionando. En medio de la sesi&oacute;n especial que finalmente aprob&oacute; la remoci&oacute;n de Edgardo Kueider en el Senado, se supo que una de las oficinas que funcionaban como despacho del exlegislador del [&hellip;]<\/p>\n","protected":false},"author":2,"featured_media":10044,"comment_status":"open","ping_status":"open","sticky":false,"template":"","format":"standard","meta":{"footnotes":""},"categories":[979,5],"tags":[4566,280,257,4567,230],"class_list":["post-10043","post","type-post","status-publish","format-standard","has-post-thumbnail","hentry","category-judiciales","category-nacionales","tag-clausuraron","tag-edgardo-kueider","tag-entre-rios","tag-oficina","tag-senado"],"_links":{"self":[{"href":"https:\/\/partediario.com.ar\/index.php?rest_route=\/wp\/v2\/posts\/10043","targetHints":{"allow":["GET"]}}],"collection":[{"href":"https:\/\/partediario.com.ar\/index.php?rest_route=\/wp\/v2\/posts"}],"about":[{"href":"https:\/\/partediario.com.ar\/index.php?rest_route=\/wp\/v2\/types\/post"}],"author":[{"embeddable":true,"href":"https:\/\/partediario.com.ar\/index.php?rest_route=\/wp\/v2\/users\/2"}],"replies":[{"embeddable":true,"href":"https:\/\/partediario.com.ar\/index.php?rest_route=%2Fwp%2Fv2%2Fcomments&post=10043"}],"version-history":[{"count":1,"href":"https:\/\/partediario.com.ar\/index.php?rest_route=\/wp\/v2\/posts\/10043\/revisions"}],"predecessor-version":[{"id":10045,"href":"https:\/\/partediario.com.ar\/index.php?rest_route=\/wp\/v2\/posts\/10043\/revisions\/10045"}],"wp:featuredmedia":[{"embeddable":true,"href":"https:\/\/partediario.com.ar\/index.php?rest_route=\/wp\/v2\/media\/10044"}],"wp:attachment":[{"href":"https:\/\/partediario.com.ar\/index.php?rest_route=%2Fwp%2Fv2%2Fmedia&parent=10043"}],"wp:term":[{"taxonomy":"category","embeddable":true,"href":"https:\/\/partediario.com.ar\/index.php?rest_route=%2Fwp%2Fv2%2Fcategories&post=10043"},{"taxonomy":"post_tag","embeddable":true,"href":"https:\/\/partediario.com.ar\/index.php?rest_route=%2Fwp%2Fv2%2Ftags&post=10043"}],"curies":[{"name":"wp","href":"https:\/\/api.w.org\/{rel}","templated":true}]}}