{"id":10046,"date":"2024-12-13T15:30:25","date_gmt":"2024-12-13T18:30:25","guid":{"rendered":"https:\/\/partediario.com.ar\/?p=10046"},"modified":"2024-12-14T12:25:54","modified_gmt":"2024-12-14T15:25:54","slug":"de-milei-a-bullrich-adoro-a-mi-ministra-expreso","status":"publish","type":"post","link":"https:\/\/partediario.com.ar\/?p=10046","title":{"rendered":"De Milei a Bullrich: \u00abAdoro a mi ministra\u00bb, expres\u00f3"},"content":{"rendered":"\n<h3 class=\"wp-block-heading\">El presidente Javier Milei hizo p\u00fablico, nuevamente, su respaldo a la ministra de Seguridad, Patricia Bullrich, en su distanciamiento del PRO y su acercamiento al espacio oficialista. \u201cAdoro a mi ministra\u201d, destaco el mandatario en su cuenta de X.<\/h3>\n\n\n\n<p>Milei subray\u00f3 un fragmento del discurso que la excandidata presidencial de Juntos por el Cambio pronunci\u00f3 durante un acto de Apertura Republicana, en el que se desmarca del partido que lidera Mauricio Macri.<\/p>\n\n\n\n<p><\/p>\n\n\n\n<blockquote class=\"twitter-tweet\"><p lang=\"es\" dir=\"ltr\">ADORO A MI MINISTRA&#8230;!!!<br>.<a href=\"https:\/\/twitter.com\/PatoBullrich?ref_src=twsrc%5Etfw\">@PatoBullrich<\/a> su trabajo excelente no s\u00f3lo mejor\u00f3 la calidad de vida de los argentinos de bien sino que adem\u00e1s es reconocido en todo el mundo (lo cual la ha llevado a exponer su trabajo en el FMI).<br>VIVA LA LIBERTAD CARAJO <a href=\"https:\/\/t.co\/U1o0QHUiJX\">https:\/\/t.co\/U1o0QHUiJX<\/a><\/p>&mdash; Javier Milei (@JMilei) <a href=\"https:\/\/twitter.com\/JMilei\/status\/1867569387836002437?ref_src=twsrc%5Etfw\">December 13, 2024<\/a><\/blockquote> <script async src=\"https:\/\/platform.twitter.com\/widgets.js\" charset=\"utf-8\"><\/script>\n\n\n\n<p><\/p>\n\n\n\n<p>\u201cSu trabajo excelente, no s\u00f3lo mejor\u00f3 la calidad de vida de los argentinos de bien sino que adem\u00e1s es reconocido en todo el mundo (lo cual la ha llevado a exponer su trabajo en el FMI). VIVA LA LIBERTAD CARAJO\u201d, expres\u00f3 el libertario en su cuenta de X.<\/p>\n\n\n\n<p>La funcionaria dio sobradas muestras de su sinton\u00eda con la administraci\u00f3n libertaria, tanto que se convirti\u00f3 en una de las colaboradoras m\u00e1s estrechas y con las que el presidente se re\u00fane todos los martes en lo que denomin\u00f3 como \u201cmesa pol\u00edtica\u201d.<\/p>\n\n\n\n<p>Ante el auditorio colmado de liberales nucleados dentro de Juntos por el Cambio, Bullrich hizo referencia a los l\u00edmites que la direcci\u00f3n del espacio le impuso durante varios a\u00f1os, en plenos rumores de construcci\u00f3n de alianza electoral de sus dirigidos con el oficialismo de cara a las legislativas de 2025.<\/p>\n\n\n\n<p>\u201cYo quer\u00eda dar un paso, y ven\u00eda alguien que me frenaba. Quer\u00eda dar otro paso y me frenaba. Otro y lo mismo, pero ahora no me frena nadie\u00bb, indic\u00f3, despertando el aplauso de la gente, y a\u00f1adi\u00f3: \u00abEl poder llevar adelante lo que uno piensa, sin que alguien te diga \u2018no, no, no\u2019\u2026 \u2018no\u2019, las pelotas\u201d, dispar\u00f3.<\/p>\n\n\n\n<p>El distanciamiento es bien visto en la administraci\u00f3n libertaria que, pese a que consideran a Macri un aliado natural, sienten malestar en algunas de sus exigencias dado que a diferencia de la extitular del PRO, el expresidente se muestra cr\u00edtico ante algunas posturas del Gobierno nacional.<\/p>\n","protected":false},"excerpt":{"rendered":"<p>El presidente Javier Milei hizo p&uacute;blico, nuevamente, su respaldo a la ministra de Seguridad, Patricia Bullrich, en su distanciamiento del PRO y su acercamiento al espacio oficialista. &ldquo;Adoro a mi ministra&rdquo;, destaco el mandatario en su cuenta de X. Milei subray&oacute; un fragmento del discurso que la excandidata presidencial de Juntos por el Cambio pronunci&oacute; [&hellip;]<\/p>\n","protected":false},"author":2,"featured_media":10047,"comment_status":"open","ping_status":"open","sticky":false,"template":"","format":"standard","meta":{"footnotes":""},"categories":[5,176],"tags":[232,510],"class_list":["post-10046","post","type-post","status-publish","format-standard","has-post-thumbnail","hentry","category-nacionales","category-politica","tag-javier-milei","tag-patricia-bullrich"],"_links":{"self":[{"href":"https:\/\/partediario.com.ar\/index.php?rest_route=\/wp\/v2\/posts\/10046","targetHints":{"allow":["GET"]}}],"collection":[{"href":"https:\/\/partediario.com.ar\/index.php?rest_route=\/wp\/v2\/posts"}],"about":[{"href":"https:\/\/partediario.com.ar\/index.php?rest_route=\/wp\/v2\/types\/post"}],"author":[{"embeddable":true,"href":"https:\/\/partediario.com.ar\/index.php?rest_route=\/wp\/v2\/users\/2"}],"replies":[{"embeddable":true,"href":"https:\/\/partediario.com.ar\/index.php?rest_route=%2Fwp%2Fv2%2Fcomments&post=10046"}],"version-history":[{"count":1,"href":"https:\/\/partediario.com.ar\/index.php?rest_route=\/wp\/v2\/posts\/10046\/revisions"}],"predecessor-version":[{"id":10048,"href":"https:\/\/partediario.com.ar\/index.php?rest_route=\/wp\/v2\/posts\/10046\/revisions\/10048"}],"wp:featuredmedia":[{"embeddable":true,"href":"https:\/\/partediario.com.ar\/index.php?rest_route=\/wp\/v2\/media\/10047"}],"wp:attachment":[{"href":"https:\/\/partediario.com.ar\/index.php?rest_route=%2Fwp%2Fv2%2Fmedia&parent=10046"}],"wp:term":[{"taxonomy":"category","embeddable":true,"href":"https:\/\/partediario.com.ar\/index.php?rest_route=%2Fwp%2Fv2%2Fcategories&post=10046"},{"taxonomy":"post_tag","embeddable":true,"href":"https:\/\/partediario.com.ar\/index.php?rest_route=%2Fwp%2Fv2%2Ftags&post=10046"}],"curies":[{"name":"wp","href":"https:\/\/api.w.org\/{rel}","templated":true}]}}