{"id":10049,"date":"2024-12-13T15:43:28","date_gmt":"2024-12-13T18:43:28","guid":{"rendered":"https:\/\/partediario.com.ar\/?p=10049"},"modified":"2024-12-14T12:25:38","modified_gmt":"2024-12-14T15:25:38","slug":"desmienten-a-villarruel-y-afirman-que-habia-sido-notificada-dos-dias-antes-del-viaje-de-milei-a-italia","status":"publish","type":"post","link":"https:\/\/partediario.com.ar\/?p=10049","title":{"rendered":"Desmienten a Villarruel y afirman que hab\u00eda sido notificada dos d\u00edas antes del viaje de Milei a Italia"},"content":{"rendered":"\n<h3 class=\"wp-block-heading\">Despu\u00e9s que la C\u00e1mara de Senadores votara la expulsi\u00f3n del aliado oficialista Edgardo Kuider, desde la Casa Rosada afirman que la sesi\u00f3n fue nula, y hablan de \u201cincumplimiento de deberes\u201d de la vicepresidenta Victoria Villarruel, a quien desmienten.<\/h3>\n\n\n\n<p>Lo que le cuestionan es que la titular del Senado presidi\u00f3 la votaci\u00f3n, en el mismo momento en el que deb\u00eda estar en ejercicio de la presidencia debido al viaje a Italia que el mandatario Javier Milei emprendi\u00f3 durante el mediod\u00eda del jueves.<\/p>\n\n\n\n<p>Desde el entorno de Villarruel manifiestan que la vice reci\u00e9n firm\u00f3 el traspaso a las 19, desnudando la acefal\u00eda del Poder Ejecutivo en las horas en las que el presidente hab\u00eda salido a Italia. Incluso, el presidente previsional del Senado, Bartolom\u00e9 Abdala, se\u00f1al\u00f3: \u201cDesconozco de donde sale la versi\u00f3n de que no es valida la sesi\u00f3n. La vicepresidenta, seg\u00fan lo dice el art\u00edculo 88 de la Constituci\u00f3n, asume cargo de presidencia una vez que firma que es notificada por el escribano, y eso ocurri\u00f3 despu\u00e9s\u201d, subray\u00f3.<\/p>\n\n\n\n<p>Ante este escenario, los abogados del senador Kueider adelantaron que pedir\u00edan la nulidad de la sesi\u00f3n que expuls\u00f3 al senador ya que la titular del Senado no podr\u00eda haber coordinado la sesi\u00f3n por tener que estar al frente del Gobierno.<\/p>\n\n\n\n<p>Por medio de una nota firmada por el jefe de Casa Militar, Sebasti\u00e1n Ib\u00e1\u00f1ez, y enviada por el sistema de Gesti\u00f3n Documental Electr\u00f3nica, fuentes de Balcarce 50 afirman que Villarruel fue debidamente notificada en tiempo y forma, y afirman que la funcionara \u00abmiente\u201d, por lo que la expondr\u00e1n p\u00fablicamente por su error.<\/p>\n\n\n\n<p>\u201cInformo a usted que, el d\u00eda 12 de diciembre de 2024 a las 12:00 horas aproximadamente, el se\u00f1or Presidente de la Naci\u00f3n, viajar\u00e1 a la ciudad de Roma (Rep\u00fablica Italiana), teniendo previsto su regreso el d\u00eda 15 de diciembre de 2024 a las 20:00 horas aproximadamente\u201d, se le notific\u00f3 a la funcionaria y a sus colaboradores por medio de un documento.<\/p>\n\n\n\n<p><\/p>\n\n\n\n<figure class=\"wp-block-image size-full\"><img loading=\"lazy\" decoding=\"async\" width=\"945\" height=\"720\" src=\"https:\/\/partediario.com.ar\/wp-content\/uploads\/Milei-a-Italia.webp\" alt=\"\" class=\"wp-image-10050\" srcset=\"https:\/\/partediario.com.ar\/wp-content\/uploads\/Milei-a-Italia.webp 945w, https:\/\/partediario.com.ar\/wp-content\/uploads\/Milei-a-Italia-300x229.webp 300w, https:\/\/partediario.com.ar\/wp-content\/uploads\/Milei-a-Italia-768x585.webp 768w\" sizes=\"auto, (max-width: 945px) 100vw, 945px\" \/><\/figure>\n\n\n\n<p><\/p>\n\n\n\n<p>Inclusive, dieron a conocer un chat con la secretaria privada de la vicepresidenta, Guadalupe Jones, a quien se le hizo extensivo el documento en formado PDF de la Casa Militar notificando d\u00edas y horarios, bajo el nombre \u201cViaje a Italia\u201d. Jones dio confirmaci\u00f3n de recepci\u00f3n con dos \u201cok\u201d a las 8.37 del d\u00eda martes.<\/p>\n\n\n\n<p><\/p>\n\n\n\n<figure class=\"wp-block-image size-full\"><img loading=\"lazy\" decoding=\"async\" width=\"324\" height=\"720\" src=\"https:\/\/partediario.com.ar\/wp-content\/uploads\/Milei-1.webp\" alt=\"\" class=\"wp-image-10051\" srcset=\"https:\/\/partediario.com.ar\/wp-content\/uploads\/Milei-1.webp 324w, https:\/\/partediario.com.ar\/wp-content\/uploads\/Milei-1-135x300.webp 135w\" sizes=\"auto, (max-width: 324px) 100vw, 324px\" \/><\/figure>\n\n\n\n<p><\/p>\n\n\n\n<p>En horas de la ma\u00f1ana, el vocero presidencial, Manuel Adorni, public\u00f3 un sugestivo mensaje en su cuenta de X, direccionado contra la compa\u00f1era de f\u00f3rmula de Javier Milei, aunque sin hacer menci\u00f3n: \u201cEn este gobierno no se miente. Que tengan todos un gran cierre de semana. Fin\u201d.<\/p>\n\n\n\n<p><\/p>\n\n\n\n<blockquote class=\"twitter-tweet\"><p lang=\"es\" dir=\"ltr\">En este gobierno no se miente.<br><br>Que tengan todos un gran cierre de semana.<br><br>Fin.<\/p>&mdash; Manuel Adorni (@madorni) <a href=\"https:\/\/twitter.com\/madorni\/status\/1867525138633437415?ref_src=twsrc%5Etfw\">December 13, 2024<\/a><\/blockquote> <script async src=\"https:\/\/platform.twitter.com\/widgets.js\" charset=\"utf-8\"><\/script>\n\n\n\n<p><\/p>\n\n\n\n<p>El senador oficialista Carlos Pagotto fue uno de los primeros en hablar sobre la legalidad de la sesi\u00f3n, argumentando que cuando Milei est\u00e1 de viaje, Villarruel debe tomar el Ejecutivo y no puede presidir sesiones, tal como hizo esta jornada.<\/p>\n\n\n\n<p>\u00abCreo que un escribano debi\u00f3 haberse constituido en la c\u00e1mara y hacerle firmar. Son cuestiones jur\u00eddicas elementales. Tranquilamente podr\u00eda darse la impugnaci\u00f3n de la sesi\u00f3n de hoy. Tendr\u00eda que haberse hecho un acta de traspaso de mando y firmar la vicepresidenta. Ni bien se firma el acta, cumple otras funciones. Ahora tendr\u00e1n que dilucidar qui\u00e9n tiene la responsabilidad\u00bb, finaliz\u00f3 el legislador libertario.<\/p>\n","protected":false},"excerpt":{"rendered":"<p>Despu&eacute;s que la C&aacute;mara de Senadores votara la expulsi&oacute;n del aliado oficialista Edgardo Kuider, desde la Casa Rosada afirman que la sesi&oacute;n fue nula, y hablan de &ldquo;incumplimiento de deberes&rdquo; de la vicepresidenta Victoria Villarruel, a quien desmienten. Lo que le cuestionan es que la titular del Senado presidi&oacute; la votaci&oacute;n, en el mismo momento [&hellip;]<\/p>\n","protected":false},"author":2,"featured_media":10052,"comment_status":"open","ping_status":"open","sticky":false,"template":"","format":"standard","meta":{"footnotes":""},"categories":[5,176],"tags":[4568,4562,1853,280,333,232,646,230,233],"class_list":["post-10049","post","type-post","status-publish","format-standard","has-post-thumbnail","hentry","category-nacionales","category-politica","tag-bartolome-abdala","tag-carlos-pagotto","tag-casa-rosada","tag-edgardo-kueider","tag-italia","tag-javier-milei","tag-manuel-adorni","tag-senado","tag-victoria-villarruel"],"_links":{"self":[{"href":"https:\/\/partediario.com.ar\/index.php?rest_route=\/wp\/v2\/posts\/10049","targetHints":{"allow":["GET"]}}],"collection":[{"href":"https:\/\/partediario.com.ar\/index.php?rest_route=\/wp\/v2\/posts"}],"about":[{"href":"https:\/\/partediario.com.ar\/index.php?rest_route=\/wp\/v2\/types\/post"}],"author":[{"embeddable":true,"href":"https:\/\/partediario.com.ar\/index.php?rest_route=\/wp\/v2\/users\/2"}],"replies":[{"embeddable":true,"href":"https:\/\/partediario.com.ar\/index.php?rest_route=%2Fwp%2Fv2%2Fcomments&post=10049"}],"version-history":[{"count":1,"href":"https:\/\/partediario.com.ar\/index.php?rest_route=\/wp\/v2\/posts\/10049\/revisions"}],"predecessor-version":[{"id":10053,"href":"https:\/\/partediario.com.ar\/index.php?rest_route=\/wp\/v2\/posts\/10049\/revisions\/10053"}],"wp:featuredmedia":[{"embeddable":true,"href":"https:\/\/partediario.com.ar\/index.php?rest_route=\/wp\/v2\/media\/10052"}],"wp:attachment":[{"href":"https:\/\/partediario.com.ar\/index.php?rest_route=%2Fwp%2Fv2%2Fmedia&parent=10049"}],"wp:term":[{"taxonomy":"category","embeddable":true,"href":"https:\/\/partediario.com.ar\/index.php?rest_route=%2Fwp%2Fv2%2Fcategories&post=10049"},{"taxonomy":"post_tag","embeddable":true,"href":"https:\/\/partediario.com.ar\/index.php?rest_route=%2Fwp%2Fv2%2Ftags&post=10049"}],"curies":[{"name":"wp","href":"https:\/\/api.w.org\/{rel}","templated":true}]}}