{"id":10054,"date":"2024-12-14T11:40:32","date_gmt":"2024-12-14T14:40:32","guid":{"rendered":"https:\/\/partediario.com.ar\/?p=10054"},"modified":"2024-12-15T21:26:38","modified_gmt":"2024-12-16T00:26:38","slug":"vamos-a-hacer-una-propuesta-electoral-con-gente-que-tenga-profesionalismo-y-metodo-senalo-macri","status":"publish","type":"post","link":"https:\/\/partediario.com.ar\/?p=10054","title":{"rendered":"\u00abVamos a hacer una propuesta electoral con gente que tenga profesionalismo y m\u00e9todo\u00bb, se\u00f1al\u00f3 Macri"},"content":{"rendered":"\n<h3 class=\"wp-block-heading\">El ex presidente Mauricio Macri y l\u00edder del PRO, encabez\u00f3 la reuni\u00f3n del Consejo Directivo del partido y expres\u00f3 que har\u00e1n una \u00abpropuesta electoral con gente que tenga profesionalismo y m\u00e9todo\u00bb.<\/h3>\n\n\n\n<p>El ex mandatario se manifest\u00f3 as\u00ed en el Encuentro Nacional de la Fundaci\u00f3n Pensar, en medio de tensiones con La Libertad Avanza.<\/p>\n\n\n\n<p>Asistieron adem\u00e1s la vicepresidenta del PRO, Soledad Mart\u00ednez; el jefe de Gobierno porte\u00f1o, Jorge Macri; el diputado Diego Santilli; el secretario general del PRO, Facundo P\u00e9rez Carletti; y el ex funcionario Fernando de Andreis.<\/p>\n\n\n\n<p>Macri precis\u00f3 que todo lo que aportaron al oficialismo este a\u00f1o lo hicieron \u00aba\u00fan sorprendidos por el destrato permanente del Gobierno hacia el PRO y sus aportes\u00bb.<\/p>\n\n\n\n<p>\u00abVamos a hacer una buena propuesta electoral, con gente que tenga profesionalismo y m\u00e9todo\u00bb, apunt\u00f3 el ex presidente, en lo que pareci\u00f3 contrastar con el armado que impulsa La Libertad Avanza para el a\u00f1o pr\u00f3ximo, con la secretaria general de la Presidencia, Karina Milei, a la cabeza.<\/p>\n\n\n\n<p>El mensaje de Macri se dio tras semanas de tensi\u00f3n por el Presupuesto 2025, el proyecto de Ficha Limpia y la propuesta de eliminar las PASO.<\/p>\n\n\n\n<p>A eso se sum\u00f3 en las \u00faltimas horas que el sector que responde a Karina Milei en la Legislatura no acompa\u00f1\u00f3 el Presupuesto de la Ciudad de Buenos Aires y el mandatario porte\u00f1o, Jorge Macri, no obstante pudo aprobarlo por la m\u00ednima diferencia.<\/p>\n","protected":false},"excerpt":{"rendered":"<p>El ex presidente Mauricio Macri y l&iacute;der del PRO, encabez&oacute; la reuni&oacute;n del Consejo Directivo del partido y expres&oacute; que har&aacute;n una &laquo;propuesta electoral con gente que tenga profesionalismo y m&eacute;todo&raquo;. El ex mandatario se manifest&oacute; as&iacute; en el Encuentro Nacional de la Fundaci&oacute;n Pensar, en medio de tensiones con La Libertad Avanza. Asistieron adem&aacute;s [&hellip;]<\/p>\n","protected":false},"author":2,"featured_media":10055,"comment_status":"open","ping_status":"open","sticky":false,"template":"","format":"standard","meta":{"footnotes":""},"categories":[5,176],"tags":[2601,232,1114,263,1101],"class_list":["post-10054","post","type-post","status-publish","format-standard","has-post-thumbnail","hentry","category-nacionales","category-politica","tag-fundacion-pensar","tag-javier-milei","tag-jorge-macri","tag-karina-milei","tag-mauricio-macri"],"_links":{"self":[{"href":"https:\/\/partediario.com.ar\/index.php?rest_route=\/wp\/v2\/posts\/10054","targetHints":{"allow":["GET"]}}],"collection":[{"href":"https:\/\/partediario.com.ar\/index.php?rest_route=\/wp\/v2\/posts"}],"about":[{"href":"https:\/\/partediario.com.ar\/index.php?rest_route=\/wp\/v2\/types\/post"}],"author":[{"embeddable":true,"href":"https:\/\/partediario.com.ar\/index.php?rest_route=\/wp\/v2\/users\/2"}],"replies":[{"embeddable":true,"href":"https:\/\/partediario.com.ar\/index.php?rest_route=%2Fwp%2Fv2%2Fcomments&post=10054"}],"version-history":[{"count":1,"href":"https:\/\/partediario.com.ar\/index.php?rest_route=\/wp\/v2\/posts\/10054\/revisions"}],"predecessor-version":[{"id":10056,"href":"https:\/\/partediario.com.ar\/index.php?rest_route=\/wp\/v2\/posts\/10054\/revisions\/10056"}],"wp:featuredmedia":[{"embeddable":true,"href":"https:\/\/partediario.com.ar\/index.php?rest_route=\/wp\/v2\/media\/10055"}],"wp:attachment":[{"href":"https:\/\/partediario.com.ar\/index.php?rest_route=%2Fwp%2Fv2%2Fmedia&parent=10054"}],"wp:term":[{"taxonomy":"category","embeddable":true,"href":"https:\/\/partediario.com.ar\/index.php?rest_route=%2Fwp%2Fv2%2Fcategories&post=10054"},{"taxonomy":"post_tag","embeddable":true,"href":"https:\/\/partediario.com.ar\/index.php?rest_route=%2Fwp%2Fv2%2Ftags&post=10054"}],"curies":[{"name":"wp","href":"https:\/\/api.w.org\/{rel}","templated":true}]}}