{"id":10087,"date":"2024-12-15T21:23:00","date_gmt":"2024-12-16T00:23:00","guid":{"rendered":"https:\/\/partediario.com.ar\/?p=10087"},"modified":"2024-12-16T17:19:21","modified_gmt":"2024-12-16T20:19:21","slug":"nuevo-paro-de-transportes-para-la-semana-que-viene","status":"publish","type":"post","link":"https:\/\/partediario.com.ar\/?p=10087","title":{"rendered":"Nuevo paro de transportes para la semana que viene"},"content":{"rendered":"\n<h3 class=\"wp-block-heading\">En principio, la medida de fuerza fue dispuesta por el gremio de maquinistas La Fraternidad, pero que podr\u00eda alcanzar tambi\u00e9n a colectivos que circulan por el \u00c1rea Metropolitana de Buenos Aires (AMBA).<\/h3>\n\n\n\n<p>En primer instancia, los maquinistas nucleados en La Fraternidad definieron un paro de 24 horas para el mi\u00e9rcoles 18 de diciembre, en reclamo por mejoras salariales en el sector. Ante ese marco, cuestionaron la postura del Gobierno de Javier Milei por \u201cdesconocer\u201d la inflaci\u00f3n de septiembre y octubre.<\/p>\n\n\n\n<p>\u201cNo reconoce el 46% de p\u00e9rdida salarial acumulada desde el inicio de su gesti\u00f3n\u201d, expresaron desde el gremio. Y se\u00f1alaron que, \u201cdespu\u00e9s de 90 d\u00edas sin recibir una respuesta por parte de los funcionarios p\u00fablicos\u201d, el sindicato opt\u00f3 por una medida de fuerza por 24 horas en \u201ctodo el territorio nacional\u201d.<\/p>\n\n\n\n<p>Sobre las l\u00edneas que adhieren al paro, todas las del AMBA confirmaron su adhesi\u00f3n: los trenes Roca, Mitre, San Mart\u00edn, Urquiza, Belgrano Sur y Sarmiento paralizar\u00e1n sus recorridos desde las 00 del mi\u00e9rcoles, hasta las 00 del jueves 19.<\/p>\n\n\n\n<p>C\u00f3mo funcionar\u00e1n los colectivos la semana que viene<\/p>\n\n\n\n<p>Los choferes de colectivos del AMBA, representados por la Uni\u00f3n Tranviarios Automotor (UTA), se mantienen a la espera de la liquidaci\u00f3n del aguinaldo previsto para el 18 de diciembre.<\/p>\n\n\n\n<p>En caso de no percibirlo, advirtieron que podr\u00edan comenzar una medida de fuerza, como una retenci\u00f3n de tareas, considerando el historial de incumplimiento de los pagos por parte de las empresas.<\/p>\n\n\n\n<p>Por su parte las c\u00e1maras empresarias han se\u00f1alado que no cuentan con los recursos necesarios para efectuar los pagos del aguinaldo y otros salarios. Tambi\u00e9n afirman, que es inviable llegar a un acuerdo con el Gobierno en el corto plazo debido a la situaci\u00f3n econ\u00f3mica actual.<\/p>\n\n\n\n<p>Los choferes rechazaron la propuesta de los empresarios de abonar el aguinaldo en seis cuotas mensuales, desde la fecha pretendida. Por esa raz\u00f3n, se fij\u00f3 una audiencia virtual el d\u00eda 17 de diciembre a las 15 horas, con el fin de destrabar el conflicto que los tiene en vilo.<\/p>\n\n\n\n<p>En cuanto a la cuesti\u00f3n salarial, desde UTA indican que \u201chubo cumplimiento por parte de las empresas, pero ahora queda ver qu\u00e9 sucede con los aguinaldos\u201d. Sin embargo, ya destacaron que no permitir\u00e1n \u201cplazo, cuota, quita, espera ni modalidad alguna en la percepci\u00f3n de los haberes\u201d.<\/p>\n","protected":false},"excerpt":{"rendered":"<p>En principio, la medida de fuerza fue dispuesta por el gremio de maquinistas La Fraternidad, pero que podr&iacute;a alcanzar tambi&eacute;n a colectivos que circulan por el &Aacute;rea Metropolitana de Buenos Aires (AMBA). En primer instancia, los maquinistas nucleados en La Fraternidad definieron un paro de 24 horas para el mi&eacute;rcoles 18 de diciembre, en reclamo [&hellip;]<\/p>\n","protected":false},"author":2,"featured_media":10088,"comment_status":"open","ping_status":"open","sticky":false,"template":"","format":"standard","meta":{"footnotes":""},"categories":[978,5,726],"tags":[4465,2711,691,2185,1479],"class_list":["post-10087","post","type-post","status-publish","format-standard","has-post-thumbnail","hentry","category-gremiales","category-nacionales","category-sociedad","tag-la-fraternidad","tag-nuevo","tag-paro","tag-transporte","tag-uta"],"_links":{"self":[{"href":"https:\/\/partediario.com.ar\/index.php?rest_route=\/wp\/v2\/posts\/10087","targetHints":{"allow":["GET"]}}],"collection":[{"href":"https:\/\/partediario.com.ar\/index.php?rest_route=\/wp\/v2\/posts"}],"about":[{"href":"https:\/\/partediario.com.ar\/index.php?rest_route=\/wp\/v2\/types\/post"}],"author":[{"embeddable":true,"href":"https:\/\/partediario.com.ar\/index.php?rest_route=\/wp\/v2\/users\/2"}],"replies":[{"embeddable":true,"href":"https:\/\/partediario.com.ar\/index.php?rest_route=%2Fwp%2Fv2%2Fcomments&post=10087"}],"version-history":[{"count":1,"href":"https:\/\/partediario.com.ar\/index.php?rest_route=\/wp\/v2\/posts\/10087\/revisions"}],"predecessor-version":[{"id":10089,"href":"https:\/\/partediario.com.ar\/index.php?rest_route=\/wp\/v2\/posts\/10087\/revisions\/10089"}],"wp:featuredmedia":[{"embeddable":true,"href":"https:\/\/partediario.com.ar\/index.php?rest_route=\/wp\/v2\/media\/10088"}],"wp:attachment":[{"href":"https:\/\/partediario.com.ar\/index.php?rest_route=%2Fwp%2Fv2%2Fmedia&parent=10087"}],"wp:term":[{"taxonomy":"category","embeddable":true,"href":"https:\/\/partediario.com.ar\/index.php?rest_route=%2Fwp%2Fv2%2Fcategories&post=10087"},{"taxonomy":"post_tag","embeddable":true,"href":"https:\/\/partediario.com.ar\/index.php?rest_route=%2Fwp%2Fv2%2Ftags&post=10087"}],"curies":[{"name":"wp","href":"https:\/\/api.w.org\/{rel}","templated":true}]}}