{"id":10090,"date":"2024-12-15T21:26:19","date_gmt":"2024-12-16T00:26:19","guid":{"rendered":"https:\/\/partediario.com.ar\/?p=10090"},"modified":"2024-12-16T17:19:17","modified_gmt":"2024-12-16T20:19:17","slug":"renuncio-el-viceminiestro-de-defensa","status":"publish","type":"post","link":"https:\/\/partediario.com.ar\/?p=10090","title":{"rendered":"Renunci\u00f3 el viceministro de Defensa"},"content":{"rendered":"\n<h3 class=\"wp-block-heading\">El viceministro de Defensa, Claudio Pasqualini, renunci\u00f3 este domingo a su cargo y aleg\u00f3 motivos personales.<\/h3>\n\n\n\n<p>El n\u00famero dos de Luis Petri renunci\u00f3 en medio de la escalada de tensi\u00f3n entre la cartera y las Fuerzas Armadas.<\/p>\n\n\n\n<p>Pasqualini era teniente general y se desempe\u00f1aba en el cargo de secretario de Estrategia y Asuntos Militares, un virtual viceministro de Defensa.<\/p>\n\n\n\n<p>Su renuncia fue de forma \u00abindeclinable\u00bb y por cuestiones familiares, indicaron las fuentes consultadas.<\/p>\n\n\n\n<p>Pasqualini hab\u00eda sido jefe del Ej\u00e9rcito durante el gobierno del presidente Mauricio Macri y ahora se desempe\u00f1aba como segundo de Petri.<\/p>\n\n\n\n<p>Hab\u00eda llegado al cargo en las Fuerzas Armadas en 2018, con la gesti\u00f3n del ex ministro Oscar Aguad.<\/p>\n\n\n\n<p>En 2020, con la administraci\u00f3n del ex mandatario Alberto Fern\u00e1ndez fue pasado a retiro. Desde ese momento ocup\u00f3 la presidencia del Observatorio de Seguridad y Defensa de la Universidad del Centro de Estudios Macroecon\u00f3micos de la Argentina (UCEMA).<\/p>\n","protected":false},"excerpt":{"rendered":"<p>El viceministro de Defensa, Claudio Pasqualini, renunci&oacute; este domingo a su cargo y aleg&oacute; motivos personales. El n&uacute;mero dos de Luis Petri renunci&oacute; en medio de la escalada de tensi&oacute;n entre la cartera y las Fuerzas Armadas. Pasqualini era teniente general y se desempe&ntilde;aba en el cargo de secretario de Estrategia y Asuntos Militares, un [&hellip;]<\/p>\n","protected":false},"author":2,"featured_media":10091,"comment_status":"open","ping_status":"open","sticky":false,"template":"","format":"standard","meta":{"footnotes":""},"categories":[5,176],"tags":[1065,3382,1682,4585],"class_list":["post-10090","post","type-post","status-publish","format-standard","has-post-thumbnail","hentry","category-nacionales","category-politica","tag-claudio-pasqualini","tag-defensa","tag-renuncio","tag-viceministro"],"_links":{"self":[{"href":"https:\/\/partediario.com.ar\/index.php?rest_route=\/wp\/v2\/posts\/10090","targetHints":{"allow":["GET"]}}],"collection":[{"href":"https:\/\/partediario.com.ar\/index.php?rest_route=\/wp\/v2\/posts"}],"about":[{"href":"https:\/\/partediario.com.ar\/index.php?rest_route=\/wp\/v2\/types\/post"}],"author":[{"embeddable":true,"href":"https:\/\/partediario.com.ar\/index.php?rest_route=\/wp\/v2\/users\/2"}],"replies":[{"embeddable":true,"href":"https:\/\/partediario.com.ar\/index.php?rest_route=%2Fwp%2Fv2%2Fcomments&post=10090"}],"version-history":[{"count":2,"href":"https:\/\/partediario.com.ar\/index.php?rest_route=\/wp\/v2\/posts\/10090\/revisions"}],"predecessor-version":[{"id":10093,"href":"https:\/\/partediario.com.ar\/index.php?rest_route=\/wp\/v2\/posts\/10090\/revisions\/10093"}],"wp:featuredmedia":[{"embeddable":true,"href":"https:\/\/partediario.com.ar\/index.php?rest_route=\/wp\/v2\/media\/10091"}],"wp:attachment":[{"href":"https:\/\/partediario.com.ar\/index.php?rest_route=%2Fwp%2Fv2%2Fmedia&parent=10090"}],"wp:term":[{"taxonomy":"category","embeddable":true,"href":"https:\/\/partediario.com.ar\/index.php?rest_route=%2Fwp%2Fv2%2Fcategories&post=10090"},{"taxonomy":"post_tag","embeddable":true,"href":"https:\/\/partediario.com.ar\/index.php?rest_route=%2Fwp%2Fv2%2Ftags&post=10090"}],"curies":[{"name":"wp","href":"https:\/\/api.w.org\/{rel}","templated":true}]}}