{"id":10098,"date":"2024-12-16T17:02:54","date_gmt":"2024-12-16T20:02:54","guid":{"rendered":"https:\/\/partediario.com.ar\/?p=10098"},"modified":"2024-12-18T10:27:42","modified_gmt":"2024-12-18T13:27:42","slug":"gustavo-valdes-reabrio-el-paso-fronterizo-de-yacyreta-y-lo-hizo-junto-a-patricia-bullrich","status":"publish","type":"post","link":"https:\/\/partediario.com.ar\/?p=10098","title":{"rendered":"Gustavo Vald\u00e9s reabri\u00f3 el paso fronterizo de Yacyret\u00e1 y lo hizo junto a Patricia Bullrich"},"content":{"rendered":"\n<h3 class=\"wp-block-heading\">El gobernador de Corrientes, Gustavo Vald\u00e9s, junto a la ministra de Seguridad, Patricia Bullrich, y autoridades de Paraguay encabez\u00f3 el acto de reapertura del paso fronterizo.<\/h3>\n\n\n\n<p>El paso une Argentina y Paraguay por medio de las ciudades de Ituzaing\u00f3 y Ayolas, respectivamente, sobre el coronamiento de la represa de Yacyret\u00e1.<\/p>\n\n\n\n<p>Vald\u00e9s inst\u00f3 a \u00ablevantar las fronteras en el Mercosur\u00bb y \u00ababrazar el futuro en la apertura de pasos, inauguraci\u00f3n de puertos y construcci\u00f3n de rutas\u00bb, en pos del desarrollo de ambas jurisdicciones.<\/p>\n\n\n\n<p>La rehabilitaci\u00f3n oficial, que cont\u00f3 adem\u00e1s con la presencia del ministro del Interior del Paraguay, Enrique Riera, y el gobernador del Departamento las Misiones, Richard Ram\u00edrez, se produjo tras cuatro a\u00f1os desde el cierre producido por efecto de la pandemia.<\/p>\n\n\n\n<p>Este paso ofrecer\u00e1 un potencial de crecimiento que lo consolidar\u00e1 como eje estrat\u00e9gico para la conectividad binacional, se\u00f1al\u00f3.<\/p>\n\n\n\n<p>La reconexi\u00f3n entre las comunidades de Ituzaing\u00f3 y Ayolas, ya registr\u00f3 una reapertura el pasado 20 de noviembre, facilitando no solo el intercambio cultural y tur\u00edstico, sino adem\u00e1s el descongestionamiento de otros cruces fronterizos.<\/p>\n\n\n\n<p>Por el momento, el paso que funciona sobre la represa hidroel\u00e9ctrica Yacyret\u00e1, se encuentra habilitado desde las 9 a las 19.<\/p>\n\n\n\n<p>\u00abHoy es un d\u00eda hist\u00f3rico, siempre abrir puentes es una manera de unir pueblos. En la pandemia era entendible, pero fue hace tiempo y no se abr\u00eda por un capricho\u00bb, destac\u00f3 Bullrich.<\/p>\n\n\n\n<p>\u00abEra un paso que ya estaba hecho, solamente faltaba la decisi\u00f3n para que el turismo y el comercio puedan pasar por ac\u00e1. Nos dec\u00edan que iban a pasar 30 personas, pero hace poco hubo un partido internacional (la final de la Copa Sudamericana entre Racing y Cruzeiro) y cruzaron m\u00e1s de 3000 personas\u00bb, explic\u00f3 la ministra.<\/p>\n\n\n\n<p>Por su parte, Vald\u00e9s subray\u00f3 la \u00abinquebrantable voluntad del pueblo argentino y del paraguayo de darse nuevamente un abrazo en esta represa de Yacyret\u00e1\u00bb.<\/p>\n","protected":false},"excerpt":{"rendered":"<p>El gobernador de Corrientes, Gustavo Vald&eacute;s, junto a la ministra de Seguridad, Patricia Bullrich, y autoridades de Paraguay encabez&oacute; el acto de reapertura del paso fronterizo. El paso une Argentina y Paraguay por medio de las ciudades de Ituzaing&oacute; y Ayolas, respectivamente, sobre el coronamiento de la represa de Yacyret&aacute;. Vald&eacute;s inst&oacute; a &laquo;levantar las [&hellip;]<\/p>\n","protected":false},"author":2,"featured_media":10099,"comment_status":"open","ping_status":"open","sticky":false,"template":"","format":"standard","meta":{"footnotes":""},"categories":[5,726],"tags":[4590,4591,4587,932,4589,284,1294,510,2860,4588],"class_list":["post-10098","post","type-post","status-publish","format-standard","has-post-thumbnail","hentry","category-nacionales","category-sociedad","tag-ayolas","tag-enrique-riera","tag-fronterizo","tag-gustavo-valdes","tag-ituzaingo","tag-paraguay","tag-paso","tag-patricia-bullrich","tag-reapertura","tag-yacyreta"],"_links":{"self":[{"href":"https:\/\/partediario.com.ar\/index.php?rest_route=\/wp\/v2\/posts\/10098","targetHints":{"allow":["GET"]}}],"collection":[{"href":"https:\/\/partediario.com.ar\/index.php?rest_route=\/wp\/v2\/posts"}],"about":[{"href":"https:\/\/partediario.com.ar\/index.php?rest_route=\/wp\/v2\/types\/post"}],"author":[{"embeddable":true,"href":"https:\/\/partediario.com.ar\/index.php?rest_route=\/wp\/v2\/users\/2"}],"replies":[{"embeddable":true,"href":"https:\/\/partediario.com.ar\/index.php?rest_route=%2Fwp%2Fv2%2Fcomments&post=10098"}],"version-history":[{"count":1,"href":"https:\/\/partediario.com.ar\/index.php?rest_route=\/wp\/v2\/posts\/10098\/revisions"}],"predecessor-version":[{"id":10100,"href":"https:\/\/partediario.com.ar\/index.php?rest_route=\/wp\/v2\/posts\/10098\/revisions\/10100"}],"wp:featuredmedia":[{"embeddable":true,"href":"https:\/\/partediario.com.ar\/index.php?rest_route=\/wp\/v2\/media\/10099"}],"wp:attachment":[{"href":"https:\/\/partediario.com.ar\/index.php?rest_route=%2Fwp%2Fv2%2Fmedia&parent=10098"}],"wp:term":[{"taxonomy":"category","embeddable":true,"href":"https:\/\/partediario.com.ar\/index.php?rest_route=%2Fwp%2Fv2%2Fcategories&post=10098"},{"taxonomy":"post_tag","embeddable":true,"href":"https:\/\/partediario.com.ar\/index.php?rest_route=%2Fwp%2Fv2%2Ftags&post=10098"}],"curies":[{"name":"wp","href":"https:\/\/api.w.org\/{rel}","templated":true}]}}