{"id":10125,"date":"2024-12-18T09:37:31","date_gmt":"2024-12-18T12:37:31","guid":{"rendered":"https:\/\/partediario.com.ar\/?p=10125"},"modified":"2024-12-20T20:33:22","modified_gmt":"2024-12-20T23:33:22","slug":"nuevo-escandalo-en-el-senado-los-sueldos-de-los-legisladores-podrian-incrementarse-de-45-a-mas-de-9-millones","status":"publish","type":"post","link":"https:\/\/partediario.com.ar\/?p=10125","title":{"rendered":"Nuevo esc\u00e1ndalo en el senado: los sueldos de los legisladores podr\u00edan incrementarse de 4,5 a m\u00e1s de 9 millones"},"content":{"rendered":"\n<h3 class=\"wp-block-heading\">Se avecina un nuevo esc\u00e1ndalo en el senado, se trata de un nuevo aumento de las dietas de los senadores nacionales, las cuales podr\u00edan incrementarse de 4,5 millones a m\u00e1s de 9 millones de pesos.<\/h3>\n\n\n\n<p>Esto se debe a que en abril pasado, en una decisi\u00f3n por lo menos deplorable, una buena parte de senadores aprob\u00f3 sin debate y a mano alzada un proyecto que actualiz\u00f3 los percepciones salariales (m\u00f3dulos) y que empalm\u00f3 la dieta a la paritaria de los trabajadores del Congreso. De esa manera, cada ajuste salarial en beneficio de ese grupo se replicar\u00eda en los senadores.<\/p>\n\n\n\n<p>La movida, apoyada transversalmente por todos los bloques, salvo unas pocas excepciones, fue suspendida por el propio cuerpo en agosto \u2013momento en el que se activ\u00f3 la cl\u00e1usula de ajuste por parte de los sindicatos que operan en la \u00f3rbita del Poder Legislativo\u2013, bajo la resoluci\u00f3n 27\/24 y hasta el 31 de diciembre este a\u00f1o.<\/p>\n\n\n\n<p>El presidente del bloque PRO, Luis Juez, que vot\u00f3 contra el aumento en la dieta, expres\u00f3 que \u00abel vergonzoso e inexplicable mecanismo adoptado en el anterior aumento de dietas nos impide de cualquier manera ser acreedores de cualquier reajuste\u00bb, lo hizo en di<br>alogo con NA.<\/p>\n\n\n\n<p>Tanto el bloque libertario que conduce Ezequiel Atauche, como en la UCR, que preside Eduardo Vischi, no estaban en acci\u00f3n para prolongar la resoluci\u00f3n 27\/24, seg\u00fan puntualizaron fuentes de los despachos de esas bancadas.<\/p>\n\n\n\n<p>Si bien la fecha l\u00edmite oficial en la que vence la resoluci\u00f3n es el 31 de diciembre, los senadores tendr\u00e1n, al menos, unas dos semanas m\u00e1s en enero para reactivarla porque, de actualizarse la dieta, ser\u00eda para cobrar a partir de febrero. Es decir, dispondr\u00e1n de esos d\u00edas hasta que las oficinas administrativas comiencen con la liquidaci\u00f3n de los sueldos.<\/p>\n\n\n\n<p>En una de los reuniones que se realizaron por la sesi\u00f3n del jueves \u00faltimo, la vicepresidenta Victoria Villarruel intent\u00f3 colar la discusi\u00f3n sobre la dieta -en medio del debate sobre el futuro de Kueider-, sin lograrlo. Villarruel aspira a que los presidentes de cada bloque firmen una nota, casi id\u00e9ntica la que elevaron en agosto, para prorrogar la resoluci\u00f3n 27\/24.<\/p>\n\n\n\n<p>De este modo, la vice evitar\u00eda ser la encargada de darle la mala noticia al cuerpo que preside, con el que termina el a\u00f1o no de la mejor manera por los despidos de trabajadores en octubre y la mala estrategia elegida en el caso del ahora ex senador Kueider.<\/p>\n","protected":false},"excerpt":{"rendered":"<p>Se avecina un nuevo esc&aacute;ndalo en el senado, se trata de un nuevo aumento de las dietas de los senadores nacionales, las cuales podr&iacute;an incrementarse de 4,5 millones a m&aacute;s de 9 millones de pesos. Esto se debe a que en abril pasado, en una decisi&oacute;n por lo menos deplorable, una buena parte de senadores [&hellip;]<\/p>\n","protected":false},"author":2,"featured_media":10126,"comment_status":"open","ping_status":"open","sticky":false,"template":"","format":"standard","meta":{"footnotes":""},"categories":[5,176],"tags":[622,2723,2012,230],"class_list":["post-10125","post","type-post","status-publish","format-standard","has-post-thumbnail","hentry","category-nacionales","category-politica","tag-aumento","tag-dieta","tag-escandalo","tag-senado"],"_links":{"self":[{"href":"https:\/\/partediario.com.ar\/index.php?rest_route=\/wp\/v2\/posts\/10125","targetHints":{"allow":["GET"]}}],"collection":[{"href":"https:\/\/partediario.com.ar\/index.php?rest_route=\/wp\/v2\/posts"}],"about":[{"href":"https:\/\/partediario.com.ar\/index.php?rest_route=\/wp\/v2\/types\/post"}],"author":[{"embeddable":true,"href":"https:\/\/partediario.com.ar\/index.php?rest_route=\/wp\/v2\/users\/2"}],"replies":[{"embeddable":true,"href":"https:\/\/partediario.com.ar\/index.php?rest_route=%2Fwp%2Fv2%2Fcomments&post=10125"}],"version-history":[{"count":1,"href":"https:\/\/partediario.com.ar\/index.php?rest_route=\/wp\/v2\/posts\/10125\/revisions"}],"predecessor-version":[{"id":10127,"href":"https:\/\/partediario.com.ar\/index.php?rest_route=\/wp\/v2\/posts\/10125\/revisions\/10127"}],"wp:featuredmedia":[{"embeddable":true,"href":"https:\/\/partediario.com.ar\/index.php?rest_route=\/wp\/v2\/media\/10126"}],"wp:attachment":[{"href":"https:\/\/partediario.com.ar\/index.php?rest_route=%2Fwp%2Fv2%2Fmedia&parent=10125"}],"wp:term":[{"taxonomy":"category","embeddable":true,"href":"https:\/\/partediario.com.ar\/index.php?rest_route=%2Fwp%2Fv2%2Fcategories&post=10125"},{"taxonomy":"post_tag","embeddable":true,"href":"https:\/\/partediario.com.ar\/index.php?rest_route=%2Fwp%2Fv2%2Ftags&post=10125"}],"curies":[{"name":"wp","href":"https:\/\/api.w.org\/{rel}","templated":true}]}}