{"id":10136,"date":"2024-12-18T10:06:57","date_gmt":"2024-12-18T13:06:57","guid":{"rendered":"https:\/\/partediario.com.ar\/?p=10136"},"modified":"2024-12-20T20:33:02","modified_gmt":"2024-12-20T23:33:02","slug":"aparecio-muerto-un-hombre-que-colaboro-con-el-padre-de-loan-pena-en-la-busqueda-del-menor","status":"publish","type":"post","link":"https:\/\/partediario.com.ar\/?p=10136","title":{"rendered":"Apareci\u00f3 muerto un hombre que colabor\u00f3 con el padre de Loan Pena en la b\u00fasqueda del menor"},"content":{"rendered":"\n<h3 class=\"wp-block-heading\">Un hombre que colabor\u00f3 en la b\u00fasqueda de Loan Pe\u00f1a, el menor que desapareci\u00f3 hace seis meses en Corrientes, fue encontrado muerto en la localidad de Esquina y se especula que se quit\u00f3 la vida al dispararse con un arma de fuego.<\/h3>\n\n\n\n<p>Se trata de Alejandro \u00abPata\u00bb Mendoza, una persona que formaba parte de la agrupaci\u00f3n \u00abCazadores Auto convocados\u00bb y que aport\u00f3 su experiencia y recursos en los rastrillajes para dar con el paradero del ni\u00f1o desaparecido de cinco a\u00f1os.<\/p>\n\n\n\n<p>Hab\u00eda denunciado a operadores de Fauna por presuntos abusos de autoridad por controles en rutas nacionales.<\/p>\n\n\n\n<p>Horas antes de su muerte, Mendoza public\u00f3 un mensaje que llam\u00f3 la atenci\u00f3n en las redes sociales: \u00abNo creo llegar a pasar las fiestas, si ofend\u00ed a alguien pido disculpas, y si alguien se lo merece que Dios lo perdone\u00bb.<\/p>\n\n\n\n<p>Personal de la Polic\u00eda de Corrientes trabaj\u00f3 en el lugar de los hechos, al tiempo que la Fiscal\u00eda inici\u00f3 las actuaciones correspondientes.<\/p>\n\n\n\n<p>Los investigadores creen que Mendoza se suicid\u00f3 con un disparo de arma de fuego en su casa de Esquina, una localidad de la provincia, por el momento se desconocen las circunstancias de su presunta auto eliminaci\u00f3n.<\/p>\n","protected":false},"excerpt":{"rendered":"<p>Un hombre que colabor&oacute; en la b&uacute;squeda de Loan Pe&ntilde;a, el menor que desapareci&oacute; hace seis meses en Corrientes, fue encontrado muerto en la localidad de Esquina y se especula que se quit&oacute; la vida al dispararse con un arma de fuego. Se trata de Alejandro &laquo;Pata&raquo; Mendoza, una persona que formaba parte de la [&hellip;]<\/p>\n","protected":false},"author":2,"featured_media":10137,"comment_status":"open","ping_status":"open","sticky":false,"template":"","format":"standard","meta":{"footnotes":""},"categories":[979,5,7],"tags":[4608,448,4609,702,4607],"class_list":["post-10136","post","type-post","status-publish","format-standard","has-post-thumbnail","hentry","category-judiciales","category-nacionales","category-policiales","tag-alejandro-mendoza","tag-corrientes","tag-esquina","tag-loan-pena","tag-suicidio"],"_links":{"self":[{"href":"https:\/\/partediario.com.ar\/index.php?rest_route=\/wp\/v2\/posts\/10136","targetHints":{"allow":["GET"]}}],"collection":[{"href":"https:\/\/partediario.com.ar\/index.php?rest_route=\/wp\/v2\/posts"}],"about":[{"href":"https:\/\/partediario.com.ar\/index.php?rest_route=\/wp\/v2\/types\/post"}],"author":[{"embeddable":true,"href":"https:\/\/partediario.com.ar\/index.php?rest_route=\/wp\/v2\/users\/2"}],"replies":[{"embeddable":true,"href":"https:\/\/partediario.com.ar\/index.php?rest_route=%2Fwp%2Fv2%2Fcomments&post=10136"}],"version-history":[{"count":1,"href":"https:\/\/partediario.com.ar\/index.php?rest_route=\/wp\/v2\/posts\/10136\/revisions"}],"predecessor-version":[{"id":10138,"href":"https:\/\/partediario.com.ar\/index.php?rest_route=\/wp\/v2\/posts\/10136\/revisions\/10138"}],"wp:featuredmedia":[{"embeddable":true,"href":"https:\/\/partediario.com.ar\/index.php?rest_route=\/wp\/v2\/media\/10137"}],"wp:attachment":[{"href":"https:\/\/partediario.com.ar\/index.php?rest_route=%2Fwp%2Fv2%2Fmedia&parent=10136"}],"wp:term":[{"taxonomy":"category","embeddable":true,"href":"https:\/\/partediario.com.ar\/index.php?rest_route=%2Fwp%2Fv2%2Fcategories&post=10136"},{"taxonomy":"post_tag","embeddable":true,"href":"https:\/\/partediario.com.ar\/index.php?rest_route=%2Fwp%2Fv2%2Ftags&post=10136"}],"curies":[{"name":"wp","href":"https:\/\/api.w.org\/{rel}","templated":true}]}}