{"id":10177,"date":"2024-12-19T20:28:14","date_gmt":"2024-12-19T23:28:14","guid":{"rendered":"https:\/\/partediario.com.ar\/?p=10177"},"modified":"2024-12-20T20:32:18","modified_gmt":"2024-12-20T23:32:18","slug":"la-corte-suprema-declaro-inconstitucional-la-reeleccion-indefinida-de-insfran-en-formosa","status":"publish","type":"post","link":"https:\/\/partediario.com.ar\/?p=10177","title":{"rendered":"La Corte Suprema declar\u00f3 inconstitucional la reelecci\u00f3n indefinida de Insfr\u00e1n en Formosa"},"content":{"rendered":"\n<h3 class=\"wp-block-heading\">La decisi\u00f3n hace referencia a la situaci\u00f3n del gobernador de esa provincia, el peronista Gildo Insfr\u00e1n, que est\u00e1 al frente del Poder Ejecutivo desde 1995.<\/h3>\n\n\n\n<p>El amparo que precedi\u00f3 al fallo, fue presentado por el frente \u201cConfederaci\u00f3n Frente Amplio Formose\u00f1o\u201d y los jueces Horacio Rosatti, Juan Carlos Maqueda y Ricardo Lorenzetti, acordaron en que la cl\u00e1usula impugnada (aprobada en 2003), dej\u00f3 expl\u00edcita una ambig\u00fcedad sobre permitir o no las reelecciones de forma ilimitadas<\/p>\n\n\n\n<p>De este modo, se ve\u00eda afectada la alternancia en el Poder Ejecutivo provincial y en la divisi\u00f3n de poderes, para mantener el sistema democr\u00e1tico con un correcto funcionamiento.<\/p>\n\n\n\n<p>Rosatti, Maqueda y Lorenzetti afirmaron que las provincias \u201cdeben ajustarse a los l\u00edmites de la Constituci\u00f3n Nacional\u201d fundamentaron la decisi\u00f3n, que la reelecci\u00f3n ilimitada \u201cfomenta la personalizaci\u00f3n del poder, debilitando el sistema de frenos y contrapesos, y otorgando ventajas inadecuadas en contiendas electorales\u201d.<\/p>\n\n\n\n<p>Por su parte, el juez Carlos Rosenkrantz expres\u00f3 que este tipo de pr\u00e1cticas electorales \u201cerosiona\u201d la representaci\u00f3n de los gobernantes y puede derivar en \u201cpr\u00e1cticas autoritarias\u201d; asimismo asever\u00f3 que Insfr\u00e1n completar\u00e1 su mandato sin problemas.<\/p>\n\n\n\n<p>Puntualmente, el fallo establece que Formosa deber\u00e1 modificar su Constituci\u00f3n mediante los \u201cprocedimientos previstos en su normativa\u201d, para ponerle freno a las reelecciones indefinidas, marcando un precedente \u201cen la relaci\u00f3n entre federalismo y los principios fundamentales del orden republicano\u201d.<\/p>\n","protected":false},"excerpt":{"rendered":"<p>La decisi&oacute;n hace referencia a la situaci&oacute;n del gobernador de esa provincia, el peronista Gildo Insfr&aacute;n, que est&aacute; al frente del Poder Ejecutivo desde 1995. El amparo que precedi&oacute; al fallo, fue presentado por el frente &ldquo;Confederaci&oacute;n Frente Amplio Formose&ntilde;o&rdquo; y los jueces Horacio Rosatti, Juan Carlos Maqueda y Ricardo Lorenzetti, acordaron en que la [&hellip;]<\/p>\n","protected":false},"author":2,"featured_media":10178,"comment_status":"open","ping_status":"open","sticky":false,"template":"","format":"standard","meta":{"footnotes":""},"categories":[5,176],"tags":[877,3374,3507,4626,4628,4627],"class_list":["post-10177","post","type-post","status-publish","format-standard","has-post-thumbnail","hentry","category-nacionales","category-politica","tag-corte-suprema","tag-formosa","tag-gildo-insfran","tag-inconstitucional","tag-indefinida","tag-reeleccion"],"_links":{"self":[{"href":"https:\/\/partediario.com.ar\/index.php?rest_route=\/wp\/v2\/posts\/10177","targetHints":{"allow":["GET"]}}],"collection":[{"href":"https:\/\/partediario.com.ar\/index.php?rest_route=\/wp\/v2\/posts"}],"about":[{"href":"https:\/\/partediario.com.ar\/index.php?rest_route=\/wp\/v2\/types\/post"}],"author":[{"embeddable":true,"href":"https:\/\/partediario.com.ar\/index.php?rest_route=\/wp\/v2\/users\/2"}],"replies":[{"embeddable":true,"href":"https:\/\/partediario.com.ar\/index.php?rest_route=%2Fwp%2Fv2%2Fcomments&post=10177"}],"version-history":[{"count":1,"href":"https:\/\/partediario.com.ar\/index.php?rest_route=\/wp\/v2\/posts\/10177\/revisions"}],"predecessor-version":[{"id":10179,"href":"https:\/\/partediario.com.ar\/index.php?rest_route=\/wp\/v2\/posts\/10177\/revisions\/10179"}],"wp:featuredmedia":[{"embeddable":true,"href":"https:\/\/partediario.com.ar\/index.php?rest_route=\/wp\/v2\/media\/10178"}],"wp:attachment":[{"href":"https:\/\/partediario.com.ar\/index.php?rest_route=%2Fwp%2Fv2%2Fmedia&parent=10177"}],"wp:term":[{"taxonomy":"category","embeddable":true,"href":"https:\/\/partediario.com.ar\/index.php?rest_route=%2Fwp%2Fv2%2Fcategories&post=10177"},{"taxonomy":"post_tag","embeddable":true,"href":"https:\/\/partediario.com.ar\/index.php?rest_route=%2Fwp%2Fv2%2Ftags&post=10177"}],"curies":[{"name":"wp","href":"https:\/\/api.w.org\/{rel}","templated":true}]}}