{"id":10206,"date":"2024-12-20T20:00:46","date_gmt":"2024-12-20T23:00:46","guid":{"rendered":"https:\/\/partediario.com.ar\/?p=10206"},"modified":"2024-12-22T10:45:21","modified_gmt":"2024-12-22T13:45:21","slug":"berni-sera-citado-por-la-justicia-en-una-causa-por-la-presunta-alteracion-de-la-escena-del-crimen-en-el-caso-nisman","status":"publish","type":"post","link":"https:\/\/partediario.com.ar\/?p=10206","title":{"rendered":"Berni ser\u00e1 citado por la Justicia en una causa por la presunta alteraci\u00f3n de la escena del crimen en el caso Nisman"},"content":{"rendered":"\n<h3 class=\"wp-block-heading\">El ex secretario de Seguridad Sergio Berni y quien fuera su segundo en esa cartera, Dar\u00edo Ruiz, ser\u00e1n citados por el juez federal Juli\u00e1n Ercolini, para notificarlos de la imputaci\u00f3n formal en su contra en una investigaci\u00f3n sobre presunta alteraci\u00f3n de la escena en la que se encontr\u00f3 el cuerpo del fallecido fiscal Alberto Nisman, el 18 de enero de 2015.<\/h3>\n\n\n\n<p>A pocas semanas del d\u00e9cimo aniversario de la dudosa muerte del titular de la Unidad Fiscal de Investigaci\u00f3n del atentado a la AMIA que se investiga en la Justicia como un asesinato, el fiscal Eduardo Taiano imput\u00f3 formalmente a Berni y a Ruiz en una causa paralela centrada en la falta de cuidado y de seguimiento de protocolos dentro del departamento de las torres Le Parc de Puerto Madero, donde viv\u00eda el fiscal.<\/p>\n\n\n\n<p>Una vez hallado Nisman con un balazo en la cabeza dentro del ba\u00f1o, al lugar ingresaron al menos 80 personas, entre ellos Berni, en el marco de \u00abconcretas y graves irregularidades cometidas por los funcionarios p\u00fablicos\u00bb que pusieron \u00aben riesgo el descubrimiento completo de la verdad\u00bb, argumenta la fiscal\u00eda en su imputaci\u00f3n.<\/p>\n\n\n\n<p>En esta parte de la investigaci\u00f3n ya estaban imputados el ex jefe de Polic\u00eda Federal Rom\u00e1n Di Santo y de Prefectura Luis Heiler, quienes ya se notificaron en los tribunales federales de Retiro. Ninguno de ellos fue convocado a\u00fan por Ercolini para prestar declaraci\u00f3n indagatoria, algo que aun debe resolver el magistrado.<\/p>\n\n\n\n<p>Al respecto, el abogado Tom\u00e1s Farini Duggan, ex querellante en el caso en representaci\u00f3n de la DAIA, record\u00f3 entre muchas otras irregularidades que \u00abel primer juez del caso fue hasta el departamento donde viv\u00eda Nisman, habl\u00f3 con Berni en la planta baja y no subi\u00f3 a la escena del crimen. Despu\u00e9s se fue\u00bb.<\/p>\n\n\n\n<p>\u00abHubo una muy fuerte campa\u00f1a medi\u00e1tica por parte del gobierno de Cristina Kirchner para instalar que Nisman se suicid\u00f3\u00bb, consider\u00f3 en declaraciones radiales. Farini Duggan record\u00f3 adem\u00e1s que el entonces jefe de Gabinete Jorge Capitanich \u00abhizo una cadena nacional mostrando la ruta de vuelo del periodista que dio a conocer la noticia de la muerte de Nisman, que se hab\u00eda ido del pa\u00eds por miedo a que lo maten\u00bb, haciendo referencia a Dami\u00e1n Patcher.<\/p>\n\n\n\n<p>Para el fiscal Taiano, hubo \u00abdesidia\u00bb e \u00abimpericia\u00bb en el manejo de la escena del crimen, seg\u00fan concluy\u00f3 en base a declaraciones testimoniales que tom\u00f3 a diferentes personas que estuvieron en el lugar, incluidos agentes de Prefectura con jurisdicci\u00f3n en la custodia de Puerto Madero.<\/p>\n","protected":false},"excerpt":{"rendered":"<p>El ex secretario de Seguridad Sergio Berni y quien fuera su segundo en esa cartera, Dar&iacute;o Ruiz, ser&aacute;n citados por el juez federal Juli&aacute;n Ercolini, para notificarlos de la imputaci&oacute;n formal en su contra en una investigaci&oacute;n sobre presunta alteraci&oacute;n de la escena en la que se encontr&oacute; el cuerpo del fallecido fiscal Alberto Nisman, [&hellip;]<\/p>\n","protected":false},"author":2,"featured_media":10207,"comment_status":"open","ping_status":"open","sticky":false,"template":"","format":"standard","meta":{"footnotes":""},"categories":[979,5],"tags":[1866,4095,4645,772,3729],"class_list":["post-10206","post","type-post","status-publish","format-standard","has-post-thumbnail","hentry","category-judiciales","category-nacionales","tag-alberto-nisman","tag-citacion","tag-julian-erconlini","tag-justicia","tag-sergio-berni"],"_links":{"self":[{"href":"https:\/\/partediario.com.ar\/index.php?rest_route=\/wp\/v2\/posts\/10206","targetHints":{"allow":["GET"]}}],"collection":[{"href":"https:\/\/partediario.com.ar\/index.php?rest_route=\/wp\/v2\/posts"}],"about":[{"href":"https:\/\/partediario.com.ar\/index.php?rest_route=\/wp\/v2\/types\/post"}],"author":[{"embeddable":true,"href":"https:\/\/partediario.com.ar\/index.php?rest_route=\/wp\/v2\/users\/2"}],"replies":[{"embeddable":true,"href":"https:\/\/partediario.com.ar\/index.php?rest_route=%2Fwp%2Fv2%2Fcomments&post=10206"}],"version-history":[{"count":1,"href":"https:\/\/partediario.com.ar\/index.php?rest_route=\/wp\/v2\/posts\/10206\/revisions"}],"predecessor-version":[{"id":10208,"href":"https:\/\/partediario.com.ar\/index.php?rest_route=\/wp\/v2\/posts\/10206\/revisions\/10208"}],"wp:featuredmedia":[{"embeddable":true,"href":"https:\/\/partediario.com.ar\/index.php?rest_route=\/wp\/v2\/media\/10207"}],"wp:attachment":[{"href":"https:\/\/partediario.com.ar\/index.php?rest_route=%2Fwp%2Fv2%2Fmedia&parent=10206"}],"wp:term":[{"taxonomy":"category","embeddable":true,"href":"https:\/\/partediario.com.ar\/index.php?rest_route=%2Fwp%2Fv2%2Fcategories&post=10206"},{"taxonomy":"post_tag","embeddable":true,"href":"https:\/\/partediario.com.ar\/index.php?rest_route=%2Fwp%2Fv2%2Ftags&post=10206"}],"curies":[{"name":"wp","href":"https:\/\/api.w.org\/{rel}","templated":true}]}}