{"id":10209,"date":"2024-12-20T20:26:42","date_gmt":"2024-12-20T23:26:42","guid":{"rendered":"https:\/\/partediario.com.ar\/?p=10209"},"modified":"2024-12-22T10:44:55","modified_gmt":"2024-12-22T13:44:55","slug":"martin-menem-otorgo-un-bono-de-fin-de-ano-a-los-empleados-de-diputados","status":"publish","type":"post","link":"https:\/\/partediario.com.ar\/?p=10209","title":{"rendered":"Mart\u00edn Menem otorg\u00f3 un bono de fin de a\u00f1o a los empleados de Diputados"},"content":{"rendered":"\n<h3 class=\"wp-block-heading\">Los diputados nacionales no cobran el bono. En el entorno del presidente de la C\u00e1mara baja indicaron que la incorporaci\u00f3n de este adicional \u00abes parte del ahorro que se gener\u00f3 por la ca\u00edda de 450 contratos pol\u00edticos\u00bb.<\/h3>\n\n\n\n<p>El presidente de la C\u00e1mara de Diputados, Mart\u00edn Menem, otorg\u00f3 un bono de fin de a\u00f1o de entre 100 mil y 200 mil pesos para el personal legislativo del cuerpo.<\/p>\n\n\n\n<p>Quedan afuera los diputados nacionales del cobro de este adicional, que solamente alcanza a empleados de planta permanente y transitoria.<\/p>\n\n\n\n<p>\u201cEs parte el ahorro que se gener\u00f3 a partir de la ca\u00edda de 450 contratos pol\u00edticos. Algunos de los que desvinculamos ni siquiera ven\u00edan\u201d, expresaron fuentes cercanas a Menem.<\/p>\n\n\n\n<p>Para los empleados que tienen categor\u00eda de 1 a 5, el bono es de 100 mil pesos, mientras que para las categor\u00edas 6 y 7 asciende a 150 mil pesos, y finalmente de categor\u00eda 8 a la 14 corresponden 200 mil pesos.<\/p>\n","protected":false},"excerpt":{"rendered":"<p>Los diputados nacionales no cobran el bono. En el entorno del presidente de la C&aacute;mara baja indicaron que la incorporaci&oacute;n de este adicional &laquo;es parte del ahorro que se gener&oacute; por la ca&iacute;da de 450 contratos pol&iacute;ticos&raquo;. El presidente de la C&aacute;mara de Diputados, Mart&iacute;n Menem, otorg&oacute; un bono de fin de a&ntilde;o de entre [&hellip;]<\/p>\n","protected":false},"author":2,"featured_media":10210,"comment_status":"open","ping_status":"open","sticky":false,"template":"","format":"standard","meta":{"footnotes":""},"categories":[5,176],"tags":[1266,256,3003,4646,262],"class_list":["post-10209","post","type-post","status-publish","format-standard","has-post-thumbnail","hentry","category-nacionales","category-politica","tag-bono","tag-camara-diputados","tag-empleados","tag-fin-de-ano","tag-martin-menem"],"_links":{"self":[{"href":"https:\/\/partediario.com.ar\/index.php?rest_route=\/wp\/v2\/posts\/10209","targetHints":{"allow":["GET"]}}],"collection":[{"href":"https:\/\/partediario.com.ar\/index.php?rest_route=\/wp\/v2\/posts"}],"about":[{"href":"https:\/\/partediario.com.ar\/index.php?rest_route=\/wp\/v2\/types\/post"}],"author":[{"embeddable":true,"href":"https:\/\/partediario.com.ar\/index.php?rest_route=\/wp\/v2\/users\/2"}],"replies":[{"embeddable":true,"href":"https:\/\/partediario.com.ar\/index.php?rest_route=%2Fwp%2Fv2%2Fcomments&post=10209"}],"version-history":[{"count":1,"href":"https:\/\/partediario.com.ar\/index.php?rest_route=\/wp\/v2\/posts\/10209\/revisions"}],"predecessor-version":[{"id":10211,"href":"https:\/\/partediario.com.ar\/index.php?rest_route=\/wp\/v2\/posts\/10209\/revisions\/10211"}],"wp:featuredmedia":[{"embeddable":true,"href":"https:\/\/partediario.com.ar\/index.php?rest_route=\/wp\/v2\/media\/10210"}],"wp:attachment":[{"href":"https:\/\/partediario.com.ar\/index.php?rest_route=%2Fwp%2Fv2%2Fmedia&parent=10209"}],"wp:term":[{"taxonomy":"category","embeddable":true,"href":"https:\/\/partediario.com.ar\/index.php?rest_route=%2Fwp%2Fv2%2Fcategories&post=10209"},{"taxonomy":"post_tag","embeddable":true,"href":"https:\/\/partediario.com.ar\/index.php?rest_route=%2Fwp%2Fv2%2Ftags&post=10209"}],"curies":[{"name":"wp","href":"https:\/\/api.w.org\/{rel}","templated":true}]}}