{"id":10212,"date":"2024-12-20T20:31:37","date_gmt":"2024-12-20T23:31:37","guid":{"rendered":"https:\/\/partediario.com.ar\/?p=10212"},"modified":"2024-12-20T20:31:37","modified_gmt":"2024-12-20T23:31:37","slug":"alemania-masacre-en-un-mercado-navideno-al-menos-11-muertos-y-mas-de-60-heridos-tras-ser-atropellados","status":"publish","type":"post","link":"https:\/\/partediario.com.ar\/?p=10212","title":{"rendered":"Alemania: masacre en un mercado navide\u00f1o al menos 11 muertos y m\u00e1s de 60 heridos tras ser atropellados"},"content":{"rendered":"\n<h3 class=\"wp-block-heading\">Al menos 11 personas murieron y m\u00e1s de 60 resultaron heridas, luego de ser atropelladas por un auto en un mercado navide\u00f1o en la ciudad de Magdeburgo, al este de Alemania, el conductor fue detenido.<\/h3>\n\n\n\n<p>De acuerdo al sitio DW Actualidad, el vocero del Gobierno Regional de Sajonia-Anhalt, Mathias Schuppe, inform\u00f3 el hecho al canal MDR y que el presunto agresor fue detenido por la Polic\u00eda.<\/p>\n\n\n\n<p>Por su parte, el portavoz municipal, Michael Reif, asegur\u00f3 que sospechaban que se trataba de un hecho deliberado y que \u00ablas im\u00e1genes son terribles\u00bb.<\/p>\n\n\n\n<p><\/p>\n\n\n\n<figure class=\"wp-block-image size-full\"><img loading=\"lazy\" decoding=\"async\" width=\"900\" height=\"603\" src=\"https:\/\/partediario.com.ar\/wp-content\/uploads\/e_1734734340.jpg\" alt=\"\" class=\"wp-image-10213\" srcset=\"https:\/\/partediario.com.ar\/wp-content\/uploads\/e_1734734340.jpg 900w, https:\/\/partediario.com.ar\/wp-content\/uploads\/e_1734734340-300x201.jpg 300w, https:\/\/partediario.com.ar\/wp-content\/uploads\/e_1734734340-768x515.jpg 768w\" sizes=\"auto, (max-width: 900px) 100vw, 900px\" \/><\/figure>\n\n\n\n<p><\/p>\n\n\n\n<p>\u00abMi informaci\u00f3n es que un coche embisti\u00f3 a los visitantes del mercado navide\u00f1o, pero a\u00fan no puedo decir desde qu\u00e9 direcci\u00f3n y a qu\u00e9 distancia\u00bb, agreg\u00f3 el funcionario en declaraciones a los medios locales.<\/p>\n\n\n\n<p>Servicios de emergencia concurrieron r\u00e1pidamente al lugar de los hechos para asistir a las v\u00edctimas y los empleados del mercado navide\u00f1o aconsejaron a la poblaci\u00f3n alejarse de la zona.<\/p>\n\n\n\n<p>El jefe de seguridad de la ciudad de Halle, Tobias Teschner, sostuvo a MDR que el comercio no ser\u00e1 evacuado y que la situaci\u00f3n de riesgo no era distinta a la hab\u00eda antes del atentado en Magdeburgo.<\/p>\n\n\n\n<p>La Polic\u00eda acordon\u00f3 la escena porque se cree que el veh\u00edculo llevaba un artefacto explosivo.<\/p>\n\n\n\n<p>El canciller Olaf Scholz se\u00f1al\u00f3 que se enter\u00f3 del ataque y consider\u00f3 que el hecho \u00abpresagia cosas malas en el futuro\u00bb.<\/p>\n\n\n\n<p>Noticia en desarrollo\u2026<\/p>\n","protected":false},"excerpt":{"rendered":"<p>Al menos 11 personas murieron y m&aacute;s de 60 resultaron heridas, luego de ser atropelladas por un auto en un mercado navide&ntilde;o en la ciudad de Magdeburgo, al este de Alemania, el conductor fue detenido. De acuerdo al sitio DW Actualidad, el vocero del Gobierno Regional de Sajonia-Anhalt, Mathias Schuppe, inform&oacute; el hecho al canal [&hellip;]<\/p>\n","protected":false},"author":2,"featured_media":10214,"comment_status":"open","ping_status":"open","sticky":false,"template":"","format":"standard","meta":{"footnotes":""},"categories":[9,7],"tags":[779,1751,1747,4647],"class_list":["post-10212","post","type-post","status-publish","format-standard","has-post-thumbnail","hentry","category-internacionales","category-policiales","tag-alemania","tag-ataque","tag-mercado","tag-navideno"],"_links":{"self":[{"href":"https:\/\/partediario.com.ar\/index.php?rest_route=\/wp\/v2\/posts\/10212","targetHints":{"allow":["GET"]}}],"collection":[{"href":"https:\/\/partediario.com.ar\/index.php?rest_route=\/wp\/v2\/posts"}],"about":[{"href":"https:\/\/partediario.com.ar\/index.php?rest_route=\/wp\/v2\/types\/post"}],"author":[{"embeddable":true,"href":"https:\/\/partediario.com.ar\/index.php?rest_route=\/wp\/v2\/users\/2"}],"replies":[{"embeddable":true,"href":"https:\/\/partediario.com.ar\/index.php?rest_route=%2Fwp%2Fv2%2Fcomments&post=10212"}],"version-history":[{"count":1,"href":"https:\/\/partediario.com.ar\/index.php?rest_route=\/wp\/v2\/posts\/10212\/revisions"}],"predecessor-version":[{"id":10215,"href":"https:\/\/partediario.com.ar\/index.php?rest_route=\/wp\/v2\/posts\/10212\/revisions\/10215"}],"wp:featuredmedia":[{"embeddable":true,"href":"https:\/\/partediario.com.ar\/index.php?rest_route=\/wp\/v2\/media\/10214"}],"wp:attachment":[{"href":"https:\/\/partediario.com.ar\/index.php?rest_route=%2Fwp%2Fv2%2Fmedia&parent=10212"}],"wp:term":[{"taxonomy":"category","embeddable":true,"href":"https:\/\/partediario.com.ar\/index.php?rest_route=%2Fwp%2Fv2%2Fcategories&post=10212"},{"taxonomy":"post_tag","embeddable":true,"href":"https:\/\/partediario.com.ar\/index.php?rest_route=%2Fwp%2Fv2%2Ftags&post=10212"}],"curies":[{"name":"wp","href":"https:\/\/api.w.org\/{rel}","templated":true}]}}