{"id":10232,"date":"2024-12-22T12:26:48","date_gmt":"2024-12-22T15:26:48","guid":{"rendered":"https:\/\/partediario.com.ar\/?p=10232"},"modified":"2024-12-23T21:49:23","modified_gmt":"2024-12-24T00:49:23","slug":"buscan-intensamente-a-camila-soledad-recalde","status":"publish","type":"post","link":"https:\/\/partediario.com.ar\/?p=10232","title":{"rendered":"Buscan intensamente a CAMILA SOLEDAD RECALDE"},"content":{"rendered":"\n<h3 class=\"wp-block-heading\">La se ausent\u00f3 de su hogar en Moreno, provincia de Buenos Aires. desde el 15 de diciembre.<\/h3>\n\n\n\n<p>Buscan intensamente a Camila Soledad Recalde, de 15 a\u00f1os de edad, quien se ausent\u00f3 de su vivienda en Moreno, el d\u00eda 15 de diciembre del corriente a\u00f1os. Tiene 15 a\u00f1os. La foto es actual.<\/p>\n\n\n\n<p><\/p>\n\n\n\n<figure class=\"wp-block-image size-full\"><img loading=\"lazy\" decoding=\"async\" width=\"400\" height=\"395\" src=\"https:\/\/partediario.com.ar\/wp-content\/uploads\/recaldecamilasoledad.jpg\" alt=\"\" class=\"wp-image-10233\" srcset=\"https:\/\/partediario.com.ar\/wp-content\/uploads\/recaldecamilasoledad.jpg 400w, https:\/\/partediario.com.ar\/wp-content\/uploads\/recaldecamilasoledad-300x296.jpg 300w\" sizes=\"auto, (max-width: 400px) 100vw, 400px\" \/><\/figure>\n\n\n\n<p><\/p>\n\n\n\n<p>Se ruega cualquier informaci\u00f3n sobre su paredero, la cual puede ser suministrada al Tel\u00e9fono: 1141573101, o al e-mail: info@missingchildren.org.ar<\/p>\n","protected":false},"excerpt":{"rendered":"<p>La se ausent&oacute; de su hogar en Moreno, provincia de Buenos Aires. desde el 15 de diciembre. Buscan intensamente a Camila Soledad Recalde, de 15 a&ntilde;os de edad, quien se ausent&oacute; de su vivienda en Moreno, el d&iacute;a 15 de diciembre del corriente a&ntilde;os. Tiene 15 a&ntilde;os. La foto es actual. Se ruega cualquier informaci&oacute;n [&hellip;]<\/p>\n","protected":false},"author":2,"featured_media":10234,"comment_status":"open","ping_status":"open","sticky":false,"template":"","format":"standard","meta":{"footnotes":""},"categories":[5,7],"tags":[3665,4652,4651],"class_list":["post-10232","post","type-post","status-publish","format-standard","has-post-thumbnail","hentry","category-nacionales","category-policiales","tag-buscan","tag-camila-soledad-recalde","tag-intensamente"],"_links":{"self":[{"href":"https:\/\/partediario.com.ar\/index.php?rest_route=\/wp\/v2\/posts\/10232","targetHints":{"allow":["GET"]}}],"collection":[{"href":"https:\/\/partediario.com.ar\/index.php?rest_route=\/wp\/v2\/posts"}],"about":[{"href":"https:\/\/partediario.com.ar\/index.php?rest_route=\/wp\/v2\/types\/post"}],"author":[{"embeddable":true,"href":"https:\/\/partediario.com.ar\/index.php?rest_route=\/wp\/v2\/users\/2"}],"replies":[{"embeddable":true,"href":"https:\/\/partediario.com.ar\/index.php?rest_route=%2Fwp%2Fv2%2Fcomments&post=10232"}],"version-history":[{"count":1,"href":"https:\/\/partediario.com.ar\/index.php?rest_route=\/wp\/v2\/posts\/10232\/revisions"}],"predecessor-version":[{"id":10235,"href":"https:\/\/partediario.com.ar\/index.php?rest_route=\/wp\/v2\/posts\/10232\/revisions\/10235"}],"wp:featuredmedia":[{"embeddable":true,"href":"https:\/\/partediario.com.ar\/index.php?rest_route=\/wp\/v2\/media\/10234"}],"wp:attachment":[{"href":"https:\/\/partediario.com.ar\/index.php?rest_route=%2Fwp%2Fv2%2Fmedia&parent=10232"}],"wp:term":[{"taxonomy":"category","embeddable":true,"href":"https:\/\/partediario.com.ar\/index.php?rest_route=%2Fwp%2Fv2%2Fcategories&post=10232"},{"taxonomy":"post_tag","embeddable":true,"href":"https:\/\/partediario.com.ar\/index.php?rest_route=%2Fwp%2Fv2%2Ftags&post=10232"}],"curies":[{"name":"wp","href":"https:\/\/api.w.org\/{rel}","templated":true}]}}