{"id":10247,"date":"2024-12-23T21:40:02","date_gmt":"2024-12-24T00:40:02","guid":{"rendered":"https:\/\/partediario.com.ar\/?p=10247"},"modified":"2024-12-24T15:17:47","modified_gmt":"2024-12-24T18:17:47","slug":"sandara-pettovello-anuncio-un-nuevo-indice-que-medira-la-pobreza","status":"publish","type":"post","link":"https:\/\/partediario.com.ar\/?p=10247","title":{"rendered":"Sandara Pettovello anunci\u00f3 un nuevo indice que medir\u00e1 la pobreza"},"content":{"rendered":"\n<h3 class=\"wp-block-heading\">La ministra de Capital Humano, Sandra Pettovello, anticip\u00f3 que prepara el \u00ab\u00cdndice de Capital Humano\u00bb, que servir\u00e1 para medir la pobreza y se elaborar\u00e1 utilizando otras variables m\u00e1s all\u00e1 de los ingresos y coexistir\u00e1 con la medici\u00f3n que realiza el INDEC.<\/h3>\n\n\n\n<p>La funcionaria subray\u00f3 la ca\u00edda de la pobreza al 38% de la poblaci\u00f3n, que se conoci\u00f3 la semana pasada: \u00abEsta baja fue bastante sorpresiva, no pens\u00e1bamos que iba a bajar tanto\u00bb, reconoci\u00f3 en una charla informal con un grupo de periodistas acreditados en Casa Rosada durante el brindis que realizaron integrantes del Gobierno con los cronistas que se desempe\u00f1an all\u00ed.<\/p>\n\n\n\n<p>\u00abEl Consejo (Nacional de Coordinaci\u00f3n de Pol\u00edticas Sociales) va a analizar esos n\u00fameros, tenemos que ver por qu\u00e9 bajo tanto la pobreza. Nuestro objetivo es que la gente pueda autoabastecerse y tenga dignidad, con un empleo de calidad\u00bb, destac\u00f3 Pettovello.<\/p>\n\n\n\n<p>A pesar de los datos favorables que trajo la \u00faltima medici\u00f3n del INDEC al respecto, Pettovello adelant\u00f3 igualmente buscar\u00e1 introducir una nueva manera de medir la pobreza.<\/p>\n\n\n\n<p>En este contexto, se\u00f1al\u00f3: \u00abEstamos trabajando con el Consejo para medir la pobreza no por ingresos, estamos haciendo un \u00cdndice de Capital Humano. No te puedo especificar cu\u00e1les son las variables (que emplear\u00e1) porque todav\u00eda me tienen que presentar el trabajo\u00bb, detall\u00f3.<\/p>\n\n\n\n<p>Y as\u00f1adi\u00f3 que: \u00abNo podemos cambiar el \u00edndice del INDEC, lo va a seguir midiendo a su manera cada seis meses. \u00c9ste va a ser el \u00cdndice de Capital Humano espec\u00edficamente. Lo queremos tener listo lo antes posible pero no sabemos el mes en que va a ser\u00bb.<\/p>\n\n\n\n<p>Concluy\u00f3 remarcando que el Gobierno buscar\u00e1 \u00abseguir invirtiendo en Capital Humano mientras vaya mejorando la econom\u00eda, en todo lo que tiene que ver con terminar con el analfabetismo, que las personas coman en las mesas familiares y no en comedores y que tengan trabajo de calidad\u00bb.<\/p>\n","protected":false},"excerpt":{"rendered":"<p>La ministra de Capital Humano, Sandra Pettovello, anticip&oacute; que prepara el &laquo;&Iacute;ndice de Capital Humano&raquo;, que servir&aacute; para medir la pobreza y se elaborar&aacute; utilizando otras variables m&aacute;s all&aacute; de los ingresos y coexistir&aacute; con la medici&oacute;n que realiza el INDEC. La funcionaria subray&oacute; la ca&iacute;da de la pobreza al 38% de la poblaci&oacute;n, que [&hellip;]<\/p>\n","protected":false},"author":2,"featured_media":10248,"comment_status":"open","ping_status":"open","sticky":false,"template":"","format":"standard","meta":{"footnotes":""},"categories":[5,176,726],"tags":[320,4658,2711,722,2760],"class_list":["post-10247","post","type-post","status-publish","format-standard","has-post-thumbnail","hentry","category-nacionales","category-politica","category-sociedad","tag-indec","tag-indice","tag-nuevo","tag-pobreza","tag-sandra-pettovello"],"_links":{"self":[{"href":"https:\/\/partediario.com.ar\/index.php?rest_route=\/wp\/v2\/posts\/10247","targetHints":{"allow":["GET"]}}],"collection":[{"href":"https:\/\/partediario.com.ar\/index.php?rest_route=\/wp\/v2\/posts"}],"about":[{"href":"https:\/\/partediario.com.ar\/index.php?rest_route=\/wp\/v2\/types\/post"}],"author":[{"embeddable":true,"href":"https:\/\/partediario.com.ar\/index.php?rest_route=\/wp\/v2\/users\/2"}],"replies":[{"embeddable":true,"href":"https:\/\/partediario.com.ar\/index.php?rest_route=%2Fwp%2Fv2%2Fcomments&post=10247"}],"version-history":[{"count":1,"href":"https:\/\/partediario.com.ar\/index.php?rest_route=\/wp\/v2\/posts\/10247\/revisions"}],"predecessor-version":[{"id":10249,"href":"https:\/\/partediario.com.ar\/index.php?rest_route=\/wp\/v2\/posts\/10247\/revisions\/10249"}],"wp:featuredmedia":[{"embeddable":true,"href":"https:\/\/partediario.com.ar\/index.php?rest_route=\/wp\/v2\/media\/10248"}],"wp:attachment":[{"href":"https:\/\/partediario.com.ar\/index.php?rest_route=%2Fwp%2Fv2%2Fmedia&parent=10247"}],"wp:term":[{"taxonomy":"category","embeddable":true,"href":"https:\/\/partediario.com.ar\/index.php?rest_route=%2Fwp%2Fv2%2Fcategories&post=10247"},{"taxonomy":"post_tag","embeddable":true,"href":"https:\/\/partediario.com.ar\/index.php?rest_route=%2Fwp%2Fv2%2Ftags&post=10247"}],"curies":[{"name":"wp","href":"https:\/\/api.w.org\/{rel}","templated":true}]}}