{"id":10256,"date":"2024-12-24T15:00:11","date_gmt":"2024-12-24T18:00:11","guid":{"rendered":"https:\/\/partediario.com.ar\/?p=10256"},"modified":"2024-12-24T18:32:34","modified_gmt":"2024-12-24T21:32:34","slug":"echaron-al-jefe-y-al-subjefe-de-la-policia-de-la-ciudad-tras-la-fuga-de-17-presos-de-una-comisaria-en-liniers","status":"publish","type":"post","link":"https:\/\/partediario.com.ar\/?p=10256","title":{"rendered":"Echaron al jefe y al subjefe de la Polic\u00eda de la Ciudad tras la fuga de 17 presos de una comisar\u00eda en Liniers"},"content":{"rendered":"\n<h3 class=\"wp-block-heading\">El Jefe de Gobierno porte\u00f1o, Jorge Macri, ech\u00f3 al jefe y al subjefe de la Polic\u00eda de la Ciudad, despu\u00e9s que, en la noche del lunes, 17 presos se escaparan de la comisar\u00eda N\u00b09, ubicada en el barrio porte\u00f1o de Liniers.<\/h3>\n\n\n\n<p>El ministro de Seguridad local, Waldo Wolff, en conferencia de prensa, present\u00f3 a las nuevas autoridades: el Comisario Mayor Diego Casal\u00f3 y la Comisaria Mayor, Carla Mangiameli, se desempe\u00f1ar\u00e1n como jefe y subjefe de la Polic\u00eda de la Ciudad, respectivamente.<\/p>\n\n\n\n<p>\u201cEstos cambios que estamos proponiendo no son solamente en la c\u00fapula, si no tambi\u00e9n en la plana mayor y que vamos a definir en las pr\u00f3ximas horas. Tenemos sobrepoblaci\u00f3n, pero eso no quita que tengamos la obligaci\u00f3n de preservar a los vecinos. Nos hacemos cargo y vamos a ser sumamente inflexibles\u201d, advirti\u00f3 Wolff.<\/p>\n\n\n\n<p>Y adem\u00e1s se\u00f1al\u00f3 que \u201chay una tarea de la Justicia que va a debatir las responsabilidades humanas de las fugas\u201d y que, desde el Gobierno de la Ciudad \u201cson querellantes\u201d. \u201cNo hay excusas, tenemos problemas edilicios, las heredamos, pero no podemos cometer errores\u201d, agreg\u00f3.<\/p>\n\n\n\n<p>Luego inform\u00f3 que est\u00e1n realizando una investigaci\u00f3n penal y remarc\u00f3 que van a \u201cremover a la c\u00fapula\u201d porque \u201cno se pueden fugar 17 personas a trav\u00e9s de un boquete y enterarnos dos horas despu\u00e9s\u201d.<\/p>\n\n\n\n<p>Desde el Ejecutivo porte\u00f1o, informaron que se puso en marcha \u201cuna serie de acciones y medidas tendientes a esclarecer este episodio\u201d y que, para ello, se encuentran trabajando con el fiscal general, Juan Mahiques, con la intenci\u00f3n de realizar una investigaci\u00f3n \u201cexhaustiva al interior de la fuerza para determinar responsabilidades\u201d.<\/p>\n\n\n\n<p>Paralelamente, la Divisi\u00f3n Unidad T\u00e1ctica de Intervenciones en Alcaid\u00edas (DUTIA) est\u00e1n llevando a cabo \u201crequisas y controles\u201d de manera \u201cintensiva y profunda\u201d. Adem\u00e1s, los Ministerios de Seguridad de la Ciudad y de la Naci\u00f3n, a trav\u00e9s de la Polic\u00eda Federal, est\u00e1n trabajando mancomunadamente en la b\u00fasqueda de los evadidos.<\/p>\n\n\n\n<p>\u201cPor ahora solo hay un capturado, la causa est\u00e1 bajo secreto de sumario\u201d, finaliz\u00f3 el ministro.<\/p>\n","protected":false},"excerpt":{"rendered":"<p>El Jefe de Gobierno porte&ntilde;o, Jorge Macri, ech&oacute; al jefe y al subjefe de la Polic&iacute;a de la Ciudad, despu&eacute;s que, en la noche del lunes, 17 presos se escaparan de la comisar&iacute;a N&deg;9, ubicada en el barrio porte&ntilde;o de Liniers. El ministro de Seguridad local, Waldo Wolff, en conferencia de prensa, present&oacute; a las [&hellip;]<\/p>\n","protected":false},"author":2,"featured_media":10257,"comment_status":"open","ping_status":"open","sticky":false,"template":"","format":"standard","meta":{"footnotes":""},"categories":[3272,7],"tags":[4665,1856,4667,2212,1114,4666,4668,2966,4669],"class_list":["post-10256","post","type-post","status-publish","format-standard","has-post-thumbnail","hentry","category-municipales","category-policiales","tag-comisaria","tag-echaron","tag-fuga","tag-jefe","tag-jorge-macri","tag-novena","tag-presos","tag-subjefe","tag-waldo-wolff"],"_links":{"self":[{"href":"https:\/\/partediario.com.ar\/index.php?rest_route=\/wp\/v2\/posts\/10256","targetHints":{"allow":["GET"]}}],"collection":[{"href":"https:\/\/partediario.com.ar\/index.php?rest_route=\/wp\/v2\/posts"}],"about":[{"href":"https:\/\/partediario.com.ar\/index.php?rest_route=\/wp\/v2\/types\/post"}],"author":[{"embeddable":true,"href":"https:\/\/partediario.com.ar\/index.php?rest_route=\/wp\/v2\/users\/2"}],"replies":[{"embeddable":true,"href":"https:\/\/partediario.com.ar\/index.php?rest_route=%2Fwp%2Fv2%2Fcomments&post=10256"}],"version-history":[{"count":1,"href":"https:\/\/partediario.com.ar\/index.php?rest_route=\/wp\/v2\/posts\/10256\/revisions"}],"predecessor-version":[{"id":10258,"href":"https:\/\/partediario.com.ar\/index.php?rest_route=\/wp\/v2\/posts\/10256\/revisions\/10258"}],"wp:featuredmedia":[{"embeddable":true,"href":"https:\/\/partediario.com.ar\/index.php?rest_route=\/wp\/v2\/media\/10257"}],"wp:attachment":[{"href":"https:\/\/partediario.com.ar\/index.php?rest_route=%2Fwp%2Fv2%2Fmedia&parent=10256"}],"wp:term":[{"taxonomy":"category","embeddable":true,"href":"https:\/\/partediario.com.ar\/index.php?rest_route=%2Fwp%2Fv2%2Fcategories&post=10256"},{"taxonomy":"post_tag","embeddable":true,"href":"https:\/\/partediario.com.ar\/index.php?rest_route=%2Fwp%2Fv2%2Ftags&post=10256"}],"curies":[{"name":"wp","href":"https:\/\/api.w.org\/{rel}","templated":true}]}}