{"id":10299,"date":"2024-12-25T20:54:40","date_gmt":"2024-12-25T23:54:40","guid":{"rendered":"https:\/\/partediario.com.ar\/?p=10299"},"modified":"2024-12-25T20:54:40","modified_gmt":"2024-12-25T23:54:40","slug":"a-pesar-de-la-tregua-israel-lanzo-un-ataque-aereo-contra-el-este-de-libano","status":"publish","type":"post","link":"https:\/\/partediario.com.ar\/?p=10299","title":{"rendered":"A pesar de la tregua Israel lanz\u00f3 un ataque a\u00e9reo contra el este de L\u00edbano"},"content":{"rendered":"\n<h3 class=\"wp-block-heading\">Israel lanz\u00f3 hoy un ataque a\u00e9reo contra una casa en la zona de Baalbek, en el este de L\u00edbano, a pesar de un acuerdo de cese al fuego entre L\u00edbano e Israel, se\u00f1alaron funcionarios y fuentes militares libanesas.<\/h3>\n\n\n\n<p>La Agencia Nacional de Noticias oficial, indic\u00f3 que el ataque realizado al amanecer, tuvo como objetivo una casa en las llanuras de la aldea de Taraya, cerca del r\u00edo Litani en el oeste de Baalbek, pero no dej\u00f3 v\u00edctimas.<\/p>\n\n\n\n<p>La agencia acus\u00f3 a los aviones de combate israel\u00edes de \u00abviolar el acuerdo de cese al fuego\u00bb.<\/p>\n\n\n\n<p>Una fuente militar libanesa se\u00f1al\u00f3 que la artiller\u00eda israel\u00ed tambi\u00e9n lanz\u00f3 varios proyectiles al mediod\u00eda contra la aldea de Maroun al-Ras, en la zona fronteriza meridional. La fuente agreg\u00f3 que \u00abelementos israel\u00edes izaron la bandera israel\u00ed en la colina de Awaida, a las afueras del sur del distrito de Marjeyoun\u00bb.<\/p>\n\n\n\n<p>El 27 de noviembre entr\u00f3 en vigor un cese al fuego, dirigido a poner fin a cerca de 14 meses de enfrentamientos entre Israel y Hezbol\u00e1. El acuerdo estipula una retirada israel\u00ed del territorio liban\u00e9s en un plazo de 60 d\u00edas, con el despliegue del ej\u00e9rcito liban\u00e9s en la frontera y en el sur para asumir el control de la seguridad y prohibir las armas y los milicianos.<\/p>\n\n\n\n<p>Sin embargo, Israel perpetr\u00f3 ataques intermitentes en L\u00edbano, algunos de los cuales han cobrado v\u00edctimas. Israel sostiene que los ataques est\u00e1n dirigidos contra milicianos de Hezbol\u00e1, a quienes acusa de violar el acuerdo.<\/p>\n","protected":false},"excerpt":{"rendered":"<p>Israel lanz&oacute; hoy un ataque a&eacute;reo contra una casa en la zona de Baalbek, en el este de L&iacute;bano, a pesar de un acuerdo de cese al fuego entre L&iacute;bano e Israel, se&ntilde;alaron funcionarios y fuentes militares libanesas. La Agencia Nacional de Noticias oficial, indic&oacute; que el ataque realizado al amanecer, tuvo como objetivo una [&hellip;]<\/p>\n","protected":false},"author":2,"featured_media":10300,"comment_status":"open","ping_status":"open","sticky":false,"template":"","format":"standard","meta":{"footnotes":""},"categories":[9],"tags":[1639,1751,4683,235,3304,4684],"class_list":["post-10299","post","type-post","status-publish","format-standard","has-post-thumbnail","hentry","category-internacionales","tag-aereo","tag-ataque","tag-baalbek","tag-israel","tag-libano","tag-taraya"],"_links":{"self":[{"href":"https:\/\/partediario.com.ar\/index.php?rest_route=\/wp\/v2\/posts\/10299","targetHints":{"allow":["GET"]}}],"collection":[{"href":"https:\/\/partediario.com.ar\/index.php?rest_route=\/wp\/v2\/posts"}],"about":[{"href":"https:\/\/partediario.com.ar\/index.php?rest_route=\/wp\/v2\/types\/post"}],"author":[{"embeddable":true,"href":"https:\/\/partediario.com.ar\/index.php?rest_route=\/wp\/v2\/users\/2"}],"replies":[{"embeddable":true,"href":"https:\/\/partediario.com.ar\/index.php?rest_route=%2Fwp%2Fv2%2Fcomments&post=10299"}],"version-history":[{"count":1,"href":"https:\/\/partediario.com.ar\/index.php?rest_route=\/wp\/v2\/posts\/10299\/revisions"}],"predecessor-version":[{"id":10301,"href":"https:\/\/partediario.com.ar\/index.php?rest_route=\/wp\/v2\/posts\/10299\/revisions\/10301"}],"wp:featuredmedia":[{"embeddable":true,"href":"https:\/\/partediario.com.ar\/index.php?rest_route=\/wp\/v2\/media\/10300"}],"wp:attachment":[{"href":"https:\/\/partediario.com.ar\/index.php?rest_route=%2Fwp%2Fv2%2Fmedia&parent=10299"}],"wp:term":[{"taxonomy":"category","embeddable":true,"href":"https:\/\/partediario.com.ar\/index.php?rest_route=%2Fwp%2Fv2%2Fcategories&post=10299"},{"taxonomy":"post_tag","embeddable":true,"href":"https:\/\/partediario.com.ar\/index.php?rest_route=%2Fwp%2Fv2%2Ftags&post=10299"}],"curies":[{"name":"wp","href":"https:\/\/api.w.org\/{rel}","templated":true}]}}