{"id":10327,"date":"2024-12-27T12:17:59","date_gmt":"2024-12-27T15:17:59","guid":{"rendered":"https:\/\/partediario.com.ar\/?p=10327"},"modified":"2024-12-28T09:27:37","modified_gmt":"2024-12-28T12:27:37","slug":"javier-milei-cerro-el-ano-con-reunion-de-gabinete-y-un-asado-en-la-quinta-de-olivos","status":"publish","type":"post","link":"https:\/\/partediario.com.ar\/?p=10327","title":{"rendered":"Javier Milei cerr\u00f3 el a\u00f1o con reuni\u00f3n de Gabinete y un asado en la quinta de Olivos"},"content":{"rendered":"\n<h3 class=\"wp-block-heading\">Rodeado de sus principales colaboradores, el presidente encabez\u00f3 un nuevo encuentro con los titulares de las carteras para trazar los objetivos de cara al 2025. Las ausencias.<\/h3>\n\n\n\n<p>El presidente Javier Milei encabez\u00f3 anoche la \u00faltima reuni\u00f3n de Gabinete del a\u00f1o 2024 que se llev\u00f3 adelante en la quinta de Olivos y aprovech\u00f3 para cerrar el a\u00f1o con un asado junto sus principales colaboradores.<\/p>\n\n\n\n<p>Trascendi\u00f3 que cada ministro asistente tom\u00f3 la palabra y realiz\u00f3 un repaso de los hitos de sus \u00e1reas y de las metas para el 2025, a modo de balance de gesti\u00f3n luego del primer a\u00f1o al frente de la administraci\u00f3n, ante la mirada del mandatario nacional.<\/p>\n\n\n\n<p><\/p>\n\n\n\n<blockquote class=\"twitter-tweet\"><p lang=\"es\" dir=\"ltr\">Gran momento, gran a\u00f1o, gran futuro.<br><br>Fin. <a href=\"https:\/\/t.co\/btHJmuTV4l\">pic.twitter.com\/btHJmuTV4l<\/a><\/p>&mdash; Manuel Adorni (@madorni) <a href=\"https:\/\/twitter.com\/madorni\/status\/1872469812766757243?ref_src=twsrc%5Etfw\">December 27, 2024<\/a><\/blockquote> <script async src=\"https:\/\/platform.twitter.com\/widgets.js\" charset=\"utf-8\"><\/script>\n\n\n\n<p><\/p>\n\n\n\n<p>Finalizando, inmortalizaron el particular intercambio con una selfie que tom\u00f3 el vocero presidencial, Manuel Adorni, y que tiene a los funcionarios imitando el particular gesto del libertario, con los dedos pulgares levantados. \u201cGran momento, gran a\u00f1o, gran futuro\u201d, public\u00f3 el portavoz desde su cuenta de X.<\/p>\n\n\n\n<p>A pesar que las reuniones suelen ser los d\u00edas jueves en Casa Rosada, Milei opt\u00f3 por nuclear a su equipo m\u00e1s \u00edntimo en la residencia presidencial y los agasaj\u00f3 con un asado. El men\u00fa completo consisti\u00f3 en empanadas de entrada, asado y ensaladas, y tiramis\u00fa de postre.<\/p>\n\n\n\n<p>Dieron el presente la secretaria general de la Presidencia, Karina Milei; el jefe de Gabinete, Guillermo Francos; y los ministros Patricia Bullrich (Seguridad), Federico Sturzenegger (Desregulaci\u00f3n y Transformaci\u00f3n del Estado), Luis Petri (Defensa), Sandra Pettovello (Capital Humano), Mario Lugones (Salud) y Gerardo Werthein (Relaciones Exteriores, Comercio Internacional y Culto).<\/p>\n\n\n\n<p>Adem\u00e1s fueron parte de la reuni\u00f3n el asesor presidencial, Santiago Caputo; el jefe del Consejo de Asesores del Presidente, Demian Axel Reidel; el vocero presidencial, Manuel Adorni; y el titular de la C\u00e1mara de Diputados, Mart\u00edn Menem.<\/p>\n\n\n\n<p>A excepci\u00f3n del ministro de Econom\u00eda, Luis Caputo, quien se encontraba de viaje, sorprendi\u00f3 la ausencia del secretario de Prensa, Eduardo Serenellini, y de los vicejefes de Gabinete, Jos\u00e9 Rolandi, y de Gabinete del Interior, Lisandro Catal\u00e1n, que suelen participar de los encuentros, pero que en esta oportunidad no fueron invitados lo que obliga a preguntarse si continuar\u00e1n asistiendo a los intercambios.<\/p>\n\n\n\n<p>Entre los temas que desvelan al Gobierno figuran la intenci\u00f3n de eliminar las elecciones Primarias, Abiertas, Simult\u00e1neas y Obligatorias (PASO); el v\u00ednculo con el PRO, en las v\u00edsperas del anuncio, que finalmente se realiz\u00f3, de Jorge Macri de adelantar las elecciones en la Ciudad de Buenos Aires; los pr\u00f3ximos acuerdos electorales; y los consensos necesarios para definir el futuro de Ariel Lijo y Manuel Garc\u00eda Mansilla en la Corte Suprema.<\/p>\n\n\n\n<p>El asado culmin\u00f3 una ardua jornada que inici\u00f3 con la visita del astro de f\u00fatbol, Mart\u00edn Palermo, actual director t\u00e9cnico de Olimpia de Paraguay, a Casa Rosada para entrevistarse con Javier y Karina Milei, y continu\u00f3 con una reuni\u00f3n en el sal\u00f3n cient\u00edficos junto a un sector del bloque radical. Los diputados de la Uni\u00f3n C\u00edvica Radical, entre los que se encontraban los tres expulsados del espacio, fueron convocados por el oficialismo para agradecerles el apoyo en el Congreso.<\/p>\n","protected":false},"excerpt":{"rendered":"<p>Rodeado de sus principales colaboradores, el presidente encabez&oacute; un nuevo encuentro con los titulares de las carteras para trazar los objetivos de cara al 2025. Las ausencias. El presidente Javier Milei encabez&oacute; anoche la &uacute;ltima reuni&oacute;n de Gabinete del a&ntilde;o 2024 que se llev&oacute; adelante en la quinta de Olivos y aprovech&oacute; para cerrar el [&hellip;]<\/p>\n","protected":false},"author":2,"featured_media":10328,"comment_status":"open","ping_status":"open","sticky":false,"template":"","format":"standard","meta":{"footnotes":""},"categories":[5,176],"tags":[4531,3288,1379,374,232,2653,373],"class_list":["post-10327","post","type-post","status-publish","format-standard","has-post-thumbnail","hentry","category-nacionales","category-politica","tag-ano","tag-asado","tag-cierre","tag-gabinete","tag-javier-milei","tag-quinta-olivos","tag-reunion"],"_links":{"self":[{"href":"https:\/\/partediario.com.ar\/index.php?rest_route=\/wp\/v2\/posts\/10327","targetHints":{"allow":["GET"]}}],"collection":[{"href":"https:\/\/partediario.com.ar\/index.php?rest_route=\/wp\/v2\/posts"}],"about":[{"href":"https:\/\/partediario.com.ar\/index.php?rest_route=\/wp\/v2\/types\/post"}],"author":[{"embeddable":true,"href":"https:\/\/partediario.com.ar\/index.php?rest_route=\/wp\/v2\/users\/2"}],"replies":[{"embeddable":true,"href":"https:\/\/partediario.com.ar\/index.php?rest_route=%2Fwp%2Fv2%2Fcomments&post=10327"}],"version-history":[{"count":1,"href":"https:\/\/partediario.com.ar\/index.php?rest_route=\/wp\/v2\/posts\/10327\/revisions"}],"predecessor-version":[{"id":10329,"href":"https:\/\/partediario.com.ar\/index.php?rest_route=\/wp\/v2\/posts\/10327\/revisions\/10329"}],"wp:featuredmedia":[{"embeddable":true,"href":"https:\/\/partediario.com.ar\/index.php?rest_route=\/wp\/v2\/media\/10328"}],"wp:attachment":[{"href":"https:\/\/partediario.com.ar\/index.php?rest_route=%2Fwp%2Fv2%2Fmedia&parent=10327"}],"wp:term":[{"taxonomy":"category","embeddable":true,"href":"https:\/\/partediario.com.ar\/index.php?rest_route=%2Fwp%2Fv2%2Fcategories&post=10327"},{"taxonomy":"post_tag","embeddable":true,"href":"https:\/\/partediario.com.ar\/index.php?rest_route=%2Fwp%2Fv2%2Ftags&post=10327"}],"curies":[{"name":"wp","href":"https:\/\/api.w.org\/{rel}","templated":true}]}}