{"id":10339,"date":"2024-12-27T12:47:08","date_gmt":"2024-12-27T15:47:08","guid":{"rendered":"https:\/\/partediario.com.ar\/?p=10339"},"modified":"2024-12-28T09:27:19","modified_gmt":"2024-12-28T12:27:19","slug":"positivo-de-alcoholemia-a-un-chofer-que-tenia-que-transportar-mas-de-50-estudiantes-a-su-viaje-de-egresados","status":"publish","type":"post","link":"https:\/\/partediario.com.ar\/?p=10339","title":{"rendered":"Positivo de alcoholemia a un chofer que ten\u00eda que transportar m\u00e1s de 50 estudiantes a su viaje de egresados"},"content":{"rendered":"\n<h3 class=\"wp-block-heading\">Un chofer que ten\u00eda que transportar 54 estudiantes a su viaje de egresados, dio positivo de alcoholemia y se realiz\u00f3 un operativo especial para que los alumnos pudieran iniciar la esperada excursi\u00f3n.<\/h3>\n\n\n\n<p>El caso ocurri\u00f3 en la ma\u00f1ana del jueves cuando los padres y alumnos se congregaron en la puerta de la escuela para empezar con la traves\u00eda desde Comodoro Rivadavia hasta la provincia de C\u00f3rdoba.<\/p>\n\n\n\n<p>No obstante, la ilusi\u00f3n se desmoron\u00f3 despu\u00e9s que el personal de la Comisi\u00f3n Nacional de Regulaci\u00f3n del Trasporte, le haya realizado el test de alcoholemia al chofer, el cual dio positivo.<\/p>\n\n\n\n<p>Seg\u00fan arroj\u00f3 el alcohol\u00edmetro, el hombre dio 0,22 g\/l de alcohol en sangre, por lo que los agentes de la CNRT lo desafectaron y emitieron el acta de infracci\u00f3n.<\/p>\n\n\n\n<p>De todos modos, los estudiantes no se quedaron sin su esperado viaje, ya que se solicit\u00f3 la asistencia de otro chofer que, tras dar resultado negativo, emprendi\u00f3 la ruta hacia la provincia de C\u00f3rdoba.<\/p>\n","protected":false},"excerpt":{"rendered":"<p>Un chofer que ten&iacute;a que transportar 54 estudiantes a su viaje de egresados, dio positivo de alcoholemia y se realiz&oacute; un operativo especial para que los alumnos pudieran iniciar la esperada excursi&oacute;n. El caso ocurri&oacute; en la ma&ntilde;ana del jueves cuando los padres y alumnos se congregaron en la puerta de la escuela para empezar [&hellip;]<\/p>\n","protected":false},"author":2,"featured_media":10340,"comment_status":"open","ping_status":"open","sticky":false,"template":"","format":"standard","meta":{"footnotes":""},"categories":[8,726],"tags":[4688,4709,303,3758,278,4710,642],"class_list":["post-10339","post","type-post","status-publish","format-standard","has-post-thumbnail","hentry","category-provinciales","category-sociedad","tag-alcoholemia","tag-chofer","tag-cordoba","tag-egresados","tag-estudiantes","tag-positivo","tag-viaje"],"_links":{"self":[{"href":"https:\/\/partediario.com.ar\/index.php?rest_route=\/wp\/v2\/posts\/10339","targetHints":{"allow":["GET"]}}],"collection":[{"href":"https:\/\/partediario.com.ar\/index.php?rest_route=\/wp\/v2\/posts"}],"about":[{"href":"https:\/\/partediario.com.ar\/index.php?rest_route=\/wp\/v2\/types\/post"}],"author":[{"embeddable":true,"href":"https:\/\/partediario.com.ar\/index.php?rest_route=\/wp\/v2\/users\/2"}],"replies":[{"embeddable":true,"href":"https:\/\/partediario.com.ar\/index.php?rest_route=%2Fwp%2Fv2%2Fcomments&post=10339"}],"version-history":[{"count":1,"href":"https:\/\/partediario.com.ar\/index.php?rest_route=\/wp\/v2\/posts\/10339\/revisions"}],"predecessor-version":[{"id":10341,"href":"https:\/\/partediario.com.ar\/index.php?rest_route=\/wp\/v2\/posts\/10339\/revisions\/10341"}],"wp:featuredmedia":[{"embeddable":true,"href":"https:\/\/partediario.com.ar\/index.php?rest_route=\/wp\/v2\/media\/10340"}],"wp:attachment":[{"href":"https:\/\/partediario.com.ar\/index.php?rest_route=%2Fwp%2Fv2%2Fmedia&parent=10339"}],"wp:term":[{"taxonomy":"category","embeddable":true,"href":"https:\/\/partediario.com.ar\/index.php?rest_route=%2Fwp%2Fv2%2Fcategories&post=10339"},{"taxonomy":"post_tag","embeddable":true,"href":"https:\/\/partediario.com.ar\/index.php?rest_route=%2Fwp%2Fv2%2Ftags&post=10339"}],"curies":[{"name":"wp","href":"https:\/\/api.w.org\/{rel}","templated":true}]}}