{"id":10349,"date":"2024-12-28T09:11:17","date_gmt":"2024-12-28T12:11:17","guid":{"rendered":"https:\/\/partediario.com.ar\/?p=10349"},"modified":"2024-12-28T09:27:58","modified_gmt":"2024-12-28T12:27:58","slug":"las-llamas-consumieron-alrededor-1-500-hectareas-en-bariloche","status":"publish","type":"post","link":"https:\/\/partediario.com.ar\/?p=10349","title":{"rendered":"Las llamas consumieron alrededor 1.500 hect\u00e1reas en Bariloche"},"content":{"rendered":"\n<h3 class=\"wp-block-heading\">El incendio que se origin\u00f3 en las cercan\u00edas del Lago Los Manzanos, en San Carlos de Bariloche, ya consumi\u00f3 unas 1.500 hect\u00e1reas, lo que muestra el avance descontrolado de las llamas en las \u00faltimas horas.<\/h3>\n\n\n\n<p>El foco que se inici\u00f3 en la Reserva Estricta, ya lleg\u00f3 a la zona del lago Mart\u00edn, consumiendo m\u00e1s de 500 hect\u00e1reas en un d\u00eda, en el sector sur del Parque Nahuel Huapi.<\/p>\n\n\n\n<p>El fuego se inici\u00f3 en un sector con abundante vegetaci\u00f3n y de muy dif\u00edcil acceso, especialmente para los helic\u00f3pteros del Servicio Nacional de Manejo del Fuego (SNMF), lo que complica aun m\u00e1s la situaci\u00f3n.<\/p>\n\n\n\n<p>Ante este inconveniente, dos aviones hidrantes realizaron lanzamientos de agua y un helic\u00f3ptero sobrevol\u00f3 la zona para analizar el despliegue de los brigadistas y los puntos de trabajo.<\/p>\n\n\n\n<p>Las condiciones clim\u00e1ticas, complicaron la tarea de los brigadistas debido a los fuertes vientos que cruzan la zona, sumado al humo, que este viernes lleg\u00f3 hasta el centro de la ciudad.<\/p>\n\n\n\n<p>Los medios locales mencionaron que los comercios y turistas circulen con extrema precauci\u00f3n en la zona de Pampa del Toro, en la ruta 40 sur, donde se llevan adelante diversas operaciones a\u00e9reas.<\/p>\n","protected":false},"excerpt":{"rendered":"<p>El incendio que se origin&oacute; en las cercan&iacute;as del Lago Los Manzanos, en San Carlos de Bariloche, ya consumi&oacute; unas 1.500 hect&aacute;reas, lo que muestra el avance descontrolado de las llamas en las &uacute;ltimas horas. El foco que se inici&oacute; en la Reserva Estricta, ya lleg&oacute; a la zona del lago Mart&iacute;n, consumiendo m&aacute;s de [&hellip;]<\/p>\n","protected":false},"author":2,"featured_media":10350,"comment_status":"open","ping_status":"open","sticky":false,"template":"","format":"standard","meta":{"footnotes":""},"categories":[5,726],"tags":[456,4715,4717,4716,3755],"class_list":["post-10349","post","type-post","status-publish","format-standard","has-post-thumbnail","hentry","category-nacionales","category-sociedad","tag-incendio","tag-lago-los-manzanos","tag-lago-martin","tag-nahuel-huapi","tag-san-carlos-de-bariloche"],"_links":{"self":[{"href":"https:\/\/partediario.com.ar\/index.php?rest_route=\/wp\/v2\/posts\/10349","targetHints":{"allow":["GET"]}}],"collection":[{"href":"https:\/\/partediario.com.ar\/index.php?rest_route=\/wp\/v2\/posts"}],"about":[{"href":"https:\/\/partediario.com.ar\/index.php?rest_route=\/wp\/v2\/types\/post"}],"author":[{"embeddable":true,"href":"https:\/\/partediario.com.ar\/index.php?rest_route=\/wp\/v2\/users\/2"}],"replies":[{"embeddable":true,"href":"https:\/\/partediario.com.ar\/index.php?rest_route=%2Fwp%2Fv2%2Fcomments&post=10349"}],"version-history":[{"count":1,"href":"https:\/\/partediario.com.ar\/index.php?rest_route=\/wp\/v2\/posts\/10349\/revisions"}],"predecessor-version":[{"id":10351,"href":"https:\/\/partediario.com.ar\/index.php?rest_route=\/wp\/v2\/posts\/10349\/revisions\/10351"}],"wp:featuredmedia":[{"embeddable":true,"href":"https:\/\/partediario.com.ar\/index.php?rest_route=\/wp\/v2\/media\/10350"}],"wp:attachment":[{"href":"https:\/\/partediario.com.ar\/index.php?rest_route=%2Fwp%2Fv2%2Fmedia&parent=10349"}],"wp:term":[{"taxonomy":"category","embeddable":true,"href":"https:\/\/partediario.com.ar\/index.php?rest_route=%2Fwp%2Fv2%2Fcategories&post=10349"},{"taxonomy":"post_tag","embeddable":true,"href":"https:\/\/partediario.com.ar\/index.php?rest_route=%2Fwp%2Fv2%2Ftags&post=10349"}],"curies":[{"name":"wp","href":"https:\/\/api.w.org\/{rel}","templated":true}]}}