{"id":10359,"date":"2024-12-29T19:18:03","date_gmt":"2024-12-29T22:18:03","guid":{"rendered":"https:\/\/partediario.com.ar\/?p=10359"},"modified":"2024-12-29T19:18:03","modified_gmt":"2024-12-29T22:18:03","slug":"macri-se-quedo-sin-nafta-senalo-adorni","status":"publish","type":"post","link":"https:\/\/partediario.com.ar\/?p=10359","title":{"rendered":"\u00abMacri se qued\u00f3 sin nafta\u00bb, se\u00f1al\u00f3 Adorni"},"content":{"rendered":"\n<h3 class=\"wp-block-heading\">El vocero presidencial, Manuel Adorni, destac\u00f3 que el expresidente Mauricio Macri \u201cse qued\u00f3 sin nafta\u201d al sostener que \u201cno pudo\u201d o \u201cno quiso\u201d llevar a cabo las reformas necesarias para transformar el pa\u00eds durante su paso por la presidencia.<\/h3>\n\n\n\n<p>\u201cMacri se qued\u00f3 sin nafta. No importa si fue porque no quiso o no pudo, es casi secundario. Cuando analizas ese per\u00edodo, ves que la inflaci\u00f3n no se control\u00f3, tampoco el d\u00e9ficit fiscal, y termin\u00f3 con cepo\u201d, enumer\u00f3 en una entrevista radial, y a\u00f1adi\u00f3: \u201cLo que hab\u00eda que hacer no se hizo\u201d, apunt\u00f3.<\/p>\n\n\n\n<p>Los dichos de Adorni, se dan en plena negociaci\u00f3n con el PRO para la definici\u00f3n en la ingenier\u00eda electoral de cara a las elecciones Legislativas del pr\u00f3ximo a\u00f1o.<\/p>\n\n\n\n<p>Para el funcionario, gran parte del electorado que le dio el triunfo a La Libertad Avanza no es exclusivamente libertario, sino que apoy\u00f3 al exmandatario de Juntos por el Cambio, pero ante su falta de respuestas, cambi\u00f3 hacia Javier Milei.<\/p>\n\n\n\n<p>Consultado sobre un posible acuerdo electoral entre el oficialismo y el PRO, Adorni remarc\u00f3 la premisa que expuso el jefe de Estado al afirmar que o trazan alianzas en todos los distritos o van separados. \u201cNo hay grises. Est\u00e1 prohibido enga\u00f1ar al electorado, mentir y hacer artima\u00f1as de la vieja pol\u00edtica\u201d, mencion\u00f3.<\/p>\n\n\n\n<p>En otro momento de la entrevista, el vocero afirm\u00f3 que lo razonable ser\u00eda eliminar las elecciones Primarias, Abiertas, Simult\u00e1neas y Obligatorias (PASO) por su elevado costo econ\u00f3mico y anticip\u00f3 que trabajar\u00e1n en construir los consensos en el Congreso. \u201cNo hay ninguna justificaci\u00f3n v\u00e1lida para que le hagamos pagar a los de argentinos los millones de pesos para dirimir las internas partidarias\u201d, indic\u00f3.<\/p>\n\n\n\n<p>Y a\u00f1adi\u00f3 que: \u201cLos argentinos no est\u00e1n para gastar dinero, en un pa\u00eds con mucha pobreza, gastar 150 millones en un caprichito pol\u00edtico nos parece un delirio absoluto. Si el camino legislativo est\u00e1 allanado o no, no lo sabemos, pero entendemos que las PASO deben dejar de existir\u201d.<\/p>\n\n\n\n<p>En las v\u00edsperas del a\u00f1o 2025, con las elecciones legislativas pr\u00f3ximas, Adorni indic\u00f3 que si los comicios tuviesen lugar hoy, el oficialismo contar\u00eda con el respaldo de la sociedad y afirm\u00f3 que se presnetar\u00eda como candidato solo si el Presidente se lo solicitara. \u201cSi hoy fuesen las elecciones tendr\u00edamos el apoyo de la gente para hacer lo que estamos haciendo\u201d, se\u00f1al\u00f3.<\/p>\n\n\n\n<p>\u201cHablo por todo el Gabinete, estamos con la \u00fanica obligaci\u00f3n de empujar la agenda del Presidente y si no queremos hacerlo, se nos va a respetar, pero nos tenemos que ir. Si el presidente me dice ser candidato lo voy a ser, as\u00ed como si me pide irme a mi casa\u201d, precis\u00f3.<\/p>\n\n\n\n<p>Por su parte, calific\u00f3 de la mejor forma al primer a\u00f1o de la gesti\u00f3n libertaria y defini\u00f3 a Milei como \u201cun l\u00edder \u00fanico que ha logrado llevar adelante un equipo de trabajo con mucha motivaci\u00f3n\u201d. \u201cNunca pens\u00e9 que iba a salir de cada reuni\u00f3n de Gabinete con la sensaci\u00f3n de que estamos haciendo lo correcto y de que vamos a cambiar la Argentina\u201d, se\u00f1al\u00f3, y acot\u00f3: \u201cTener un l\u00edder motivador, que siempre te est\u00e1 empujando es la clave. Lo que hemos hecho es absolutamente tit\u00e1nico, lo que no quita es que el 90% de las cosas est\u00e9n por hacerse\u201d.<\/p>\n\n\n\n<p>Adem\u00e1s, el vocero presidencial neg\u00f3 que La Libertad Avanza busque polarizar con la dos veces presidenta Cristina Kirchner y su espacio, y si bien asegur\u00f3 que se trata de \u201cuna persona importante\u201d, afirm\u00f3 que \u201cno mueve ni medio cent\u00edmetro del cambio\u201d que impulsan.<\/p>\n\n\n\n<p>\u201cNo nos interesa polarizar con nadie. No nos interesa lo que haga el resto\u201d, destac\u00f3, y aclar\u00f3 que \u201clo que hagan o dejen de hacer\u00bb la titular del Partido Justicialista y el gobernador Axel Kicillof, como caras de la oposici\u00f3n peronista, no reviste de inter\u00e9s para el presidente.<\/p>\n\n\n\n<p>Finalizando, el portavoz presidencial expres\u00f3 que el Gabinete persigue el objetivo de transformar a la Argentina en el pa\u00eds \u201cm\u00e1s libre del mundo\u201d, y quitar las regulaciones del Estado. \u201cSe va a seguir trabajando en el orden macro y en las libertades de la gente. El objetivo es seguir trabajando para que la Argentina sea un pa\u00eds libre y sin el peso del Estado en la cabeza de cada habitante\u201d, cerr\u00f3.<\/p>\n","protected":false},"excerpt":{"rendered":"<p>El vocero presidencial, Manuel Adorni, destac&oacute; que el expresidente Mauricio Macri &ldquo;se qued&oacute; sin nafta&rdquo; al sostener que &ldquo;no pudo&rdquo; o &ldquo;no quiso&rdquo; llevar a cabo las reformas necesarias para transformar el pa&iacute;s durante su paso por la presidencia. &ldquo;Macri se qued&oacute; sin nafta. No importa si fue porque no quiso o no pudo, es [&hellip;]<\/p>\n","protected":false},"author":2,"featured_media":10360,"comment_status":"open","ping_status":"open","sticky":false,"template":"","format":"standard","meta":{"footnotes":""},"categories":[5,176],"tags":[232,393,646,1101,1294,2062],"class_list":["post-10359","post","type-post","status-publish","format-standard","has-post-thumbnail","hentry","category-nacionales","category-politica","tag-javier-milei","tag-lla","tag-manuel-adorni","tag-mauricio-macri","tag-paso","tag-pro"],"_links":{"self":[{"href":"https:\/\/partediario.com.ar\/index.php?rest_route=\/wp\/v2\/posts\/10359","targetHints":{"allow":["GET"]}}],"collection":[{"href":"https:\/\/partediario.com.ar\/index.php?rest_route=\/wp\/v2\/posts"}],"about":[{"href":"https:\/\/partediario.com.ar\/index.php?rest_route=\/wp\/v2\/types\/post"}],"author":[{"embeddable":true,"href":"https:\/\/partediario.com.ar\/index.php?rest_route=\/wp\/v2\/users\/2"}],"replies":[{"embeddable":true,"href":"https:\/\/partediario.com.ar\/index.php?rest_route=%2Fwp%2Fv2%2Fcomments&post=10359"}],"version-history":[{"count":1,"href":"https:\/\/partediario.com.ar\/index.php?rest_route=\/wp\/v2\/posts\/10359\/revisions"}],"predecessor-version":[{"id":10361,"href":"https:\/\/partediario.com.ar\/index.php?rest_route=\/wp\/v2\/posts\/10359\/revisions\/10361"}],"wp:featuredmedia":[{"embeddable":true,"href":"https:\/\/partediario.com.ar\/index.php?rest_route=\/wp\/v2\/media\/10360"}],"wp:attachment":[{"href":"https:\/\/partediario.com.ar\/index.php?rest_route=%2Fwp%2Fv2%2Fmedia&parent=10359"}],"wp:term":[{"taxonomy":"category","embeddable":true,"href":"https:\/\/partediario.com.ar\/index.php?rest_route=%2Fwp%2Fv2%2Fcategories&post=10359"},{"taxonomy":"post_tag","embeddable":true,"href":"https:\/\/partediario.com.ar\/index.php?rest_route=%2Fwp%2Fv2%2Ftags&post=10359"}],"curies":[{"name":"wp","href":"https:\/\/api.w.org\/{rel}","templated":true}]}}