{"id":10374,"date":"2024-12-29T19:49:46","date_gmt":"2024-12-29T22:49:46","guid":{"rendered":"https:\/\/partediario.com.ar\/?p=10374"},"modified":"2024-12-29T19:49:47","modified_gmt":"2024-12-29T22:49:47","slug":"el-gobierno-envio-al-senado-el-pedido-de-ascenso-de-militares-frenados-por-ser-parientes-de-represores","status":"publish","type":"post","link":"https:\/\/partediario.com.ar\/?p=10374","title":{"rendered":"El Gobierno envi\u00f3 al Senado el pedido de ascenso de militares frenados por ser parientes de represores"},"content":{"rendered":"\n<h3 class=\"wp-block-heading\">La administraci\u00f3n de Javier Milei envi\u00f3 al Senado de la Naci\u00f3n un pedido formal de ascenso de militares que estaban en stand by, por ser parientes de represores involucrados en cr\u00edmenes de lesa humanidad.<\/h3>\n\n\n\n<p>Los afectados en la Armada fueron los capitanes de fragata Marcelo Barbich, Gustavo Barreto Neuendorf, Juan Jos\u00e9 Lucena, Eduardo Enrique Pizzagalli, Jorge Emilio Sciurano y James Ronald Whamond.<\/p>\n\n\n\n<p>Adem\u00e1s los tenientes coroneles Marcelo Ram\u00f3n Borzone, Julio Balloffet, Edgardo Calvi, Gustavo Carlos Cattaneo, Luis Alberto Cattaneo, Ram\u00f3n Eduardo Centeno, Mario Alejandro D\u00edaz, Antonio Agust\u00edn Duarte, Oscar Antonio Faisal, Marcelo Huergo, Ricardo Horacio Mu\u00f1oz, Justo Daniel Rojas Alcorta, Guillermo Alejandro Sa\u00e1, Ricardo Enrique Schulz, Pedro Leonardo Tagni, Jorge Luis Toccalino, Roberto Augusto Vega y Francisco Javier Canevaro.<\/p>\n\n\n\n<p>La nota fue enviada el 23 de diciembre de este a\u00f1o, en donde se detall\u00f3 \u00absolicitarle el Acuerdo necesario para promover al grado inmediato superior con fecha 31 de diciembre de 2018 al Personal Militar Superior de la Armada Argentina\u00bb.<\/p>\n\n\n\n<p>De aprobarse la solicitud, los retenidos ser\u00e1n promovidos con car\u00e1cter retroactivo al \u00abreunir las condiciones exigidas por la ley\u00bb.<\/p>\n\n\n\n<p>En el 2010, durante la presidencia de Cristina Fern\u00e1ndez de Kirchner, la titular de Defensa, Nilda Garr\u00e9, pas\u00f3 a retiro a decenas de militares de alto rango.<\/p>\n\n\n\n<p>La decisi\u00f3n fue tomada a trav\u00e9s de la Resoluci\u00f3n 1581, con la raz\u00f3n que todos ellos \u00abten\u00edan alg\u00fan tipo de lazo sangu\u00edneo con represores o personas vinculadas a cr\u00edmenes de lesa humanidad\u00bb cometidos durante la \u00faltima dictadura.<\/p>\n\n\n\n<p>Durante la presidencia de Mauricio Macri se hab\u00edn iniciado las gestiones para dejar sin efecto la medida tomada por Garr\u00e9, finalmente el actual gobierno da un nuevo paso en ese sentido.<\/p>\n","protected":false},"excerpt":{"rendered":"<p>La administraci&oacute;n de Javier Milei envi&oacute; al Senado de la Naci&oacute;n un pedido formal de ascenso de militares que estaban en stand by, por ser parientes de represores involucrados en cr&iacute;menes de lesa humanidad. Los afectados en la Armada fueron los capitanes de fragata Marcelo Barbich, Gustavo Barreto Neuendorf, Juan Jos&eacute; Lucena, Eduardo Enrique Pizzagalli, [&hellip;]<\/p>\n","protected":false},"author":2,"featured_media":10375,"comment_status":"open","ping_status":"open","sticky":false,"template":"","format":"standard","meta":{"footnotes":""},"categories":[5,176],"tags":[4722,224,1096,4723,1934,230],"class_list":["post-10374","post","type-post","status-publish","format-standard","has-post-thumbnail","hentry","category-nacionales","category-politica","tag-ascenso","tag-gobierno","tag-militares","tag-parientes","tag-represores","tag-senado"],"_links":{"self":[{"href":"https:\/\/partediario.com.ar\/index.php?rest_route=\/wp\/v2\/posts\/10374","targetHints":{"allow":["GET"]}}],"collection":[{"href":"https:\/\/partediario.com.ar\/index.php?rest_route=\/wp\/v2\/posts"}],"about":[{"href":"https:\/\/partediario.com.ar\/index.php?rest_route=\/wp\/v2\/types\/post"}],"author":[{"embeddable":true,"href":"https:\/\/partediario.com.ar\/index.php?rest_route=\/wp\/v2\/users\/2"}],"replies":[{"embeddable":true,"href":"https:\/\/partediario.com.ar\/index.php?rest_route=%2Fwp%2Fv2%2Fcomments&post=10374"}],"version-history":[{"count":1,"href":"https:\/\/partediario.com.ar\/index.php?rest_route=\/wp\/v2\/posts\/10374\/revisions"}],"predecessor-version":[{"id":10376,"href":"https:\/\/partediario.com.ar\/index.php?rest_route=\/wp\/v2\/posts\/10374\/revisions\/10376"}],"wp:featuredmedia":[{"embeddable":true,"href":"https:\/\/partediario.com.ar\/index.php?rest_route=\/wp\/v2\/media\/10375"}],"wp:attachment":[{"href":"https:\/\/partediario.com.ar\/index.php?rest_route=%2Fwp%2Fv2%2Fmedia&parent=10374"}],"wp:term":[{"taxonomy":"category","embeddable":true,"href":"https:\/\/partediario.com.ar\/index.php?rest_route=%2Fwp%2Fv2%2Fcategories&post=10374"},{"taxonomy":"post_tag","embeddable":true,"href":"https:\/\/partediario.com.ar\/index.php?rest_route=%2Fwp%2Fv2%2Ftags&post=10374"}],"curies":[{"name":"wp","href":"https:\/\/api.w.org\/{rel}","templated":true}]}}