{"id":10377,"date":"2024-12-29T19:55:42","date_gmt":"2024-12-29T22:55:42","guid":{"rendered":"https:\/\/partediario.com.ar\/?p=10377"},"modified":"2024-12-31T18:06:10","modified_gmt":"2024-12-31T21:06:10","slug":"el-presidente-de-corea-del-sur-dispuso-una-semana-de-luto-por-el-tragico-accidente-aereo-179-muertos","status":"publish","type":"post","link":"https:\/\/partediario.com.ar\/?p=10377","title":{"rendered":"El presidente de Corea del Sur, dispuso una semana de luto por el tr\u00e1gico accidente a\u00e9reo: 179 muertos"},"content":{"rendered":"\n<h3 class=\"wp-block-heading\">El mandatario en funciones de la Rep\u00fablica de Corea, Choi Sang-mok, anunci\u00f3 este domingo un luto de una semana debido al accidente del avi\u00f3n de pasajeros que se estrell\u00f3 y dej\u00f3 el impactante saldo de 179 muertos.<\/h3>\n\n\n\n<p>El siniestro a\u00e9reo ocurri\u00f3 en un aeropuerto en el suroeste de la Rep\u00fablica de Corea, donde solo dos personas fueron rescatadas con vida.<\/p>\n\n\n\n<p>Durante una reuni\u00f3n central sobre medidas para contrarrestar desastres, Choi manifest\u00f3 que el Gobierno fijar\u00e1 siete d\u00edas, hasta la medianoche del 4 de enero del pr\u00f3ximo a\u00f1o, como periodo de luto nacional, simult\u00e1neamente establecer\u00e1 altares conmemorativos conjuntos en 17 ciudades y provincias para expresar condolencias por las v\u00edctimas.<\/p>\n\n\n\n<p>Afirm\u00f3 que los funcionarios de todos los ministerios, gobiernos locales e instituciones p\u00fablicas llevar\u00e1n lazos de luto durante el periodo y prometi\u00f3 investigar a fondo la causa exacta del accidente y tomar medidas para evitar que se repita un suceso tan tr\u00e1gico.<\/p>\n\n\n\n<p>Choi expres\u00f3 su m\u00e1s sentido p\u00e9same a los fallecidos y a sus familiares y declar\u00f3 el condado de Muan como zona especial de cat\u00e1strofe para prestar el apoyo necesario a las familias y a los heridos.<\/p>\n\n\n\n<p><\/p>\n\n\n\n<figure class=\"wp-block-image size-full\"><img loading=\"lazy\" decoding=\"async\" width=\"544\" height=\"306\" src=\"https:\/\/partediario.com.ar\/wp-content\/uploads\/avion-jeju-air-cubierto-llamas_160.webp\" alt=\"\" class=\"wp-image-10378\" srcset=\"https:\/\/partediario.com.ar\/wp-content\/uploads\/avion-jeju-air-cubierto-llamas_160.webp 544w, https:\/\/partediario.com.ar\/wp-content\/uploads\/avion-jeju-air-cubierto-llamas_160-300x169.webp 300w\" sizes=\"auto, (max-width: 544px) 100vw, 544px\" \/><\/figure>\n\n\n\n<p><\/p>\n\n\n\n<p>De acuerdo a los reportes, sobre las 09:03 hora local el avi\u00f3n con 175 pasajeros, entre ellos 173 surcoreanos y dos tailandeses, y seis auxiliares de vuelo a bordo se estrell\u00f3 cuando intentaba aterrizar en el aeropuerto internacional de Muan, a unos 290 kil\u00f3metros al s<br>uroeste de la capital, Se\u00fal.<\/p>\n\n\n\n<p>El vuelo 7C2216 de Jeju Air, procedente de Bangkok, Tailandia, aterriz\u00f3 sin ruedas, se sali\u00f3 de la pista y choc\u00f3 contra el muro exterior de la misma, con el fuselaje partido por la mitad e incendi\u00e1ndose.<\/p>\n\n\n\n<p>Solo dos miembros de la tripulaci\u00f3n fueron rescatados con vida en la parte trasera de la malograda aeronave, la mayor parte de la cual qued\u00f3 casi destru\u00edda por completo.<\/p>\n","protected":false},"excerpt":{"rendered":"<p>El mandatario en funciones de la Rep&uacute;blica de Corea, Choi Sang-mok, anunci&oacute; este domingo un luto de una semana debido al accidente del avi&oacute;n de pasajeros que se estrell&oacute; y dej&oacute; el impactante saldo de 179 muertos. El siniestro a&eacute;reo ocurri&oacute; en un aeropuerto en el suroeste de la Rep&uacute;blica de Corea, donde solo dos [&hellip;]<\/p>\n","protected":false},"author":2,"featured_media":10379,"comment_status":"open","ping_status":"open","sticky":false,"template":"","format":"standard","meta":{"footnotes":""},"categories":[9],"tags":[443,2245,4727,4724,4726,4725],"class_list":["post-10377","post","type-post","status-publish","format-standard","has-post-thumbnail","hentry","category-internacionales","tag-accidente","tag-avion","tag-choi-sang-mok","tag-corea-del-sur","tag-luto","tag-semana"],"_links":{"self":[{"href":"https:\/\/partediario.com.ar\/index.php?rest_route=\/wp\/v2\/posts\/10377","targetHints":{"allow":["GET"]}}],"collection":[{"href":"https:\/\/partediario.com.ar\/index.php?rest_route=\/wp\/v2\/posts"}],"about":[{"href":"https:\/\/partediario.com.ar\/index.php?rest_route=\/wp\/v2\/types\/post"}],"author":[{"embeddable":true,"href":"https:\/\/partediario.com.ar\/index.php?rest_route=\/wp\/v2\/users\/2"}],"replies":[{"embeddable":true,"href":"https:\/\/partediario.com.ar\/index.php?rest_route=%2Fwp%2Fv2%2Fcomments&post=10377"}],"version-history":[{"count":1,"href":"https:\/\/partediario.com.ar\/index.php?rest_route=\/wp\/v2\/posts\/10377\/revisions"}],"predecessor-version":[{"id":10380,"href":"https:\/\/partediario.com.ar\/index.php?rest_route=\/wp\/v2\/posts\/10377\/revisions\/10380"}],"wp:featuredmedia":[{"embeddable":true,"href":"https:\/\/partediario.com.ar\/index.php?rest_route=\/wp\/v2\/media\/10379"}],"wp:attachment":[{"href":"https:\/\/partediario.com.ar\/index.php?rest_route=%2Fwp%2Fv2%2Fmedia&parent=10377"}],"wp:term":[{"taxonomy":"category","embeddable":true,"href":"https:\/\/partediario.com.ar\/index.php?rest_route=%2Fwp%2Fv2%2Fcategories&post=10377"},{"taxonomy":"post_tag","embeddable":true,"href":"https:\/\/partediario.com.ar\/index.php?rest_route=%2Fwp%2Fv2%2Ftags&post=10377"}],"curies":[{"name":"wp","href":"https:\/\/api.w.org\/{rel}","templated":true}]}}