{"id":10398,"date":"2024-12-30T23:14:24","date_gmt":"2024-12-31T02:14:24","guid":{"rendered":"https:\/\/partediario.com.ar\/?p=10398"},"modified":"2024-12-30T23:14:24","modified_gmt":"2024-12-31T02:14:24","slug":"ariel-lijo-ordeno-la-captura-internacional-del-presidente-de-nicaragua-daniel-ortega","status":"publish","type":"post","link":"https:\/\/partediario.com.ar\/?p=10398","title":{"rendered":"Ariel Lijo orden\u00f3 la captura internacional del presidente de Nicaragua Daniel Ortega"},"content":{"rendered":"\n<h3 class=\"wp-block-heading\">El juez federal Ariel Lijo orden\u00f3 la captura internacional con fines de extradici\u00f3n del presidente de Nicaragua Daniel Ortega, su vicepresidenta, Rosario Mar\u00eda Zambrana Murillo, y otros 16 imputados para ser indagados en Argentina por graves violaciones de derechos humanos, en base al principio de justicia universal.<\/h3>\n\n\n\n<p>El magistrado rubric\u00f3 este lunes por la tarde una resoluci\u00f3n de 76 carillas en la que solicit\u00f3 la captura internacional con fines de extradici\u00f3n para recibir declaraci\u00f3n indagatoria de Ortega, Zambrana Murillo y los dem\u00e1s acusados para ser indagados por \u00abgraves violaciones contra los derechos humanos que se le atribuyen\u00bb.<\/p>\n\n\n\n<p>De acuerdo a la prueba reunida en el expediente abierto en agosto \u00faltimo por la denuncia de los abogados Diego Pirota y Dar\u00edo Richarte, se trata de violaciones a los derechos humanos \u00aben las cuales habr\u00edan tenido participaci\u00f3n altas autoridades de la Rep\u00fablica de Nicaragua\u00bb.<\/p>\n\n\n\n<p>\u00abAl respecto recu\u00e9rdese que el plan estrat\u00e9gico de represi\u00f3n desplegado en Nicaragua involucr\u00f3 a todos los estamentos del poder pol\u00edtico y judicial del Estado\u00bb, destac\u00f3 el juez.<\/p>\n\n\n\n<p>Lijo adem\u00e1s se\u00f1al\u00f3 que \u00ablas solicitudes de cooperaci\u00f3n internacional libradas por este tribunal no fueron respondidas\u00bb.<\/p>\n\n\n\n<p>En la causa se documentaron persecuciones por motivos religiosos, a comunidades abor\u00edgenes, detenciones de periodistas.<\/p>\n\n\n\n<p>A la hora de argumentar la acusaci\u00f3n, el juez Lijo anticip\u00f3 que en base a lo requerido por la fiscal\u00eda y la querella se imputar\u00e1 \u00abhaber llevado a cabo un plan sistem\u00e1tico y generalizado de violenta represi\u00f3n contra la poblaci\u00f3n civil de la Rep\u00fablica de Nicaragua, cuyo objeto era la disuasi\u00f3n de manifestaciones sociales y la persecuci\u00f3n de los sectores pol\u00edticos disidentes\u00bb.<\/p>\n\n\n\n<p>Para lograrlo, \u00abse valieron de la estructura del aparato estatal, ampar\u00e1ndose en los roles institucionales que ten\u00eda cada uno de los intervinientes\u00bb, a\u00f1adi\u00f3 la resoluci\u00f3n.<\/p>\n\n\n\n<p>En el marco de este plan \u00abse realizaron encarcelamientos arbitrarios, asesinatos, actos de tortura, desaparici\u00f3n forzada de personas, traslado forzado de la poblaci\u00f3n, deportaciones, censura medi\u00e1tica, privaci\u00f3n de atenci\u00f3n m\u00e9dica, supresi\u00f3n de matr\u00edculas profesionales habilitantes, persecuci\u00f3n por motivos pol\u00edticos y religiosos, cancelaci\u00f3n de la personer\u00eda jur\u00eddica y quita de la nacionalidad\u00bb.<\/p>\n\n\n\n<p>Para el juez argentino, se mont\u00f3 un \u00abplan generalizado y sistem\u00e1tico\u00bb que fue \u00abestructurado en distintas etapas, en cuyo marco de suscitaron las conductas se\u00f1aladas\u00bb y que empez\u00f3 entre abril y junio de 2018, con la represi\u00f3n de diversas protestas sociales en Nicaragua.<\/p>\n","protected":false},"excerpt":{"rendered":"<p>El juez federal Ariel Lijo orden&oacute; la captura internacional con fines de extradici&oacute;n del presidente de Nicaragua Daniel Ortega, su vicepresidenta, Rosario Mar&iacute;a Zambrana Murillo, y otros 16 imputados para ser indagados en Argentina por graves violaciones de derechos humanos, en base al principio de justicia universal. El magistrado rubric&oacute; este lunes por la tarde [&hellip;]<\/p>\n","protected":false},"author":2,"featured_media":10400,"comment_status":"open","ping_status":"open","sticky":false,"template":"","format":"standard","meta":{"footnotes":""},"categories":[9,979,176],"tags":[2725,4733,902,4732,1340,4117],"class_list":["post-10398","post","type-post","status-publish","format-standard","has-post-thumbnail","hentry","category-internacionales","category-judiciales","category-politica","tag-ariel-lijo","tag-daniel-ortega","tag-detencion","tag-extradicion","tag-nicaragua","tag-presidente"],"_links":{"self":[{"href":"https:\/\/partediario.com.ar\/index.php?rest_route=\/wp\/v2\/posts\/10398","targetHints":{"allow":["GET"]}}],"collection":[{"href":"https:\/\/partediario.com.ar\/index.php?rest_route=\/wp\/v2\/posts"}],"about":[{"href":"https:\/\/partediario.com.ar\/index.php?rest_route=\/wp\/v2\/types\/post"}],"author":[{"embeddable":true,"href":"https:\/\/partediario.com.ar\/index.php?rest_route=\/wp\/v2\/users\/2"}],"replies":[{"embeddable":true,"href":"https:\/\/partediario.com.ar\/index.php?rest_route=%2Fwp%2Fv2%2Fcomments&post=10398"}],"version-history":[{"count":1,"href":"https:\/\/partediario.com.ar\/index.php?rest_route=\/wp\/v2\/posts\/10398\/revisions"}],"predecessor-version":[{"id":10399,"href":"https:\/\/partediario.com.ar\/index.php?rest_route=\/wp\/v2\/posts\/10398\/revisions\/10399"}],"wp:featuredmedia":[{"embeddable":true,"href":"https:\/\/partediario.com.ar\/index.php?rest_route=\/wp\/v2\/media\/10400"}],"wp:attachment":[{"href":"https:\/\/partediario.com.ar\/index.php?rest_route=%2Fwp%2Fv2%2Fmedia&parent=10398"}],"wp:term":[{"taxonomy":"category","embeddable":true,"href":"https:\/\/partediario.com.ar\/index.php?rest_route=%2Fwp%2Fv2%2Fcategories&post=10398"},{"taxonomy":"post_tag","embeddable":true,"href":"https:\/\/partediario.com.ar\/index.php?rest_route=%2Fwp%2Fv2%2Ftags&post=10398"}],"curies":[{"name":"wp","href":"https:\/\/api.w.org\/{rel}","templated":true}]}}