{"id":10411,"date":"2024-12-31T17:43:23","date_gmt":"2024-12-31T20:43:23","guid":{"rendered":"https:\/\/partediario.com.ar\/?p=10411"},"modified":"2024-12-31T17:43:24","modified_gmt":"2024-12-31T20:43:24","slug":"cuando-deberia-asumir-stefania-cora-la-reemplazante-de-edgardo-kueider","status":"publish","type":"post","link":"https:\/\/partediario.com.ar\/?p=10411","title":{"rendered":"Cu\u00e1ndo deber\u00eda asumir Stefan\u00eda Cora, la reemplazante de Edgardo Kueider"},"content":{"rendered":"\n<h3 class=\"wp-block-heading\">La expulsi\u00f3n del Senado del ex legislador entrerriano Edgardo Kueider a principios de diciembre -actualmente detenido en Paraguay por llevar 200.000 d\u00f3lares en efectivo sin declarar- tuvo repercusiones en m\u00faltiples planos, pero m\u00e1s aun en el plano pol\u00edtico.<\/h3>\n\n\n\n<p>Su desafuero de la C\u00e1mara alta signific\u00f3 la liberaci\u00f3n de una banca que le corresponde al interbloque peronista que lidera Jos\u00e9 Mayans (Formosa), ya que Kueider ingres\u00f3 en 2019 por el Frente de Todos, espacio que lideraron Alberto Fern\u00e1ndez y Cristina Kirchner.<\/p>\n\n\n\n<p>En este contexto, quien secund\u00f3 en la lista al ex representante de Entre R\u00edos, y quien deber\u00e1 asumir en su lugar, fue Stefan\u00eda Cora, una dirigente ligada fuertemente a La C\u00e1mpora.<\/p>\n\n\n\n<p>Seg\u00fan establece el reglamento del Senado, y en el caso de que el Poder Ejecutivo no active el per\u00edodo extraordinario, Cora deber\u00eda asumir en su esca\u00f1o en la sesi\u00f3n preparatoria que est\u00e1 estipulada a celebrarse cada 24 de febrero.<\/p>\n\n\n\n<p>Con la asunci\u00f3n de Cora, el interbloque peronista sumar\u00e1 un nuevo integrante y pasar\u00e1 a tener 34 legisladores, con lo cual estar\u00e1 a tres bancas de tener qu\u00f3rum propio.<\/p>\n\n\n\n<p><strong>Qui\u00e9n es Stefan\u00eda Cora<\/strong><\/p>\n\n\n\n<p>Estudiante de historia de la Universidad Nacional del Litoral, Cora de 33 a\u00f1os, fue reelecta como diputada provincial en octubre del a\u00f1o pasado.<\/p>\n\n\n\n<p>En el 2019 fue segunda candidata a senadora, pero no pudo ingresar ya que el Frente de Todos consigui\u00f3 un solo lugar<\/p>\n\n\n\n<p>A pesar que el FDT se impuso en la elecci\u00f3n primaria, luego perdi\u00f3 en los comicios generales por 1000 votos, donde Juntos por el Cambio obtuvo dos bancas. En esa ocasi\u00f3n se eligieron a Alfredo De Angeli y Stella Olella (UCR).<\/p>\n\n\n\n<p>La dirigente de la agrupaci\u00f3n liderada por M\u00e1ximo Kirchner comenz\u00f3 su militancia al concluir el secundario y junto al diputado nacional Tomas Ledesma, se convirtieron en los principales referente de esa organizaci\u00f3n en Entre R\u00edos.<\/p>\n\n\n\n<p>Previo a ser elegida como diputada provincial, Stefan\u00eda Cora fue concejal de Paran\u00e1, su primer cargo con solo 24 a\u00f1os de edad, donde confront\u00f3 con el intendente radical Sergio Varisco.<\/p>\n","protected":false},"excerpt":{"rendered":"<p>La expulsi&oacute;n del Senado del ex legislador entrerriano Edgardo Kueider a principios de diciembre -actualmente detenido en Paraguay por llevar 200.000 d&oacute;lares en efectivo sin declarar- tuvo repercusiones en m&uacute;ltiples planos, pero m&aacute;s aun en el plano pol&iacute;tico. Su desafuero de la C&aacute;mara alta signific&oacute; la liberaci&oacute;n de una banca que le corresponde al interbloque [&hellip;]<\/p>\n","protected":false},"author":2,"featured_media":10412,"comment_status":"open","ping_status":"open","sticky":false,"template":"","format":"standard","meta":{"footnotes":""},"categories":[5,176],"tags":[280,230,4740],"class_list":["post-10411","post","type-post","status-publish","format-standard","has-post-thumbnail","hentry","category-nacionales","category-politica","tag-edgardo-kueider","tag-senado","tag-stafenia-cora"],"_links":{"self":[{"href":"https:\/\/partediario.com.ar\/index.php?rest_route=\/wp\/v2\/posts\/10411","targetHints":{"allow":["GET"]}}],"collection":[{"href":"https:\/\/partediario.com.ar\/index.php?rest_route=\/wp\/v2\/posts"}],"about":[{"href":"https:\/\/partediario.com.ar\/index.php?rest_route=\/wp\/v2\/types\/post"}],"author":[{"embeddable":true,"href":"https:\/\/partediario.com.ar\/index.php?rest_route=\/wp\/v2\/users\/2"}],"replies":[{"embeddable":true,"href":"https:\/\/partediario.com.ar\/index.php?rest_route=%2Fwp%2Fv2%2Fcomments&post=10411"}],"version-history":[{"count":1,"href":"https:\/\/partediario.com.ar\/index.php?rest_route=\/wp\/v2\/posts\/10411\/revisions"}],"predecessor-version":[{"id":10413,"href":"https:\/\/partediario.com.ar\/index.php?rest_route=\/wp\/v2\/posts\/10411\/revisions\/10413"}],"wp:featuredmedia":[{"embeddable":true,"href":"https:\/\/partediario.com.ar\/index.php?rest_route=\/wp\/v2\/media\/10412"}],"wp:attachment":[{"href":"https:\/\/partediario.com.ar\/index.php?rest_route=%2Fwp%2Fv2%2Fmedia&parent=10411"}],"wp:term":[{"taxonomy":"category","embeddable":true,"href":"https:\/\/partediario.com.ar\/index.php?rest_route=%2Fwp%2Fv2%2Fcategories&post=10411"},{"taxonomy":"post_tag","embeddable":true,"href":"https:\/\/partediario.com.ar\/index.php?rest_route=%2Fwp%2Fv2%2Ftags&post=10411"}],"curies":[{"name":"wp","href":"https:\/\/api.w.org\/{rel}","templated":true}]}}