{"id":10428,"date":"2025-01-01T19:04:17","date_gmt":"2025-01-01T22:04:17","guid":{"rendered":"https:\/\/partediario.com.ar\/?p=10428"},"modified":"2025-01-02T10:59:04","modified_gmt":"2025-01-02T13:59:04","slug":"buscan-intensamente-a-un-argentino-que-desaparecio-tras-ingresar-al-mar-para-rescatar-a-una-mujer-en-punta-del-este","status":"publish","type":"post","link":"https:\/\/partediario.com.ar\/?p=10428","title":{"rendered":"Buscan intensamente a un argentino que desapareci\u00f3 tras ingresar al mar para rescatar a una mujer en Punta del Este"},"content":{"rendered":"\n<h3 class=\"wp-block-heading\">Un argentino de 30 a\u00f1os es intensamente buscado tras haber desaparecido en el mar donde se hab\u00eda arrojado junto a amigos para rescatar a una compa\u00f1era de trabajo que se hab\u00eda metido al agua luego de los festejos del A\u00f1o Nuevo.<\/h3>\n\n\n\n<p>Seg\u00fan informaron los medios uruguayos, el hecho se produjo en las \u00faltimas horas y todo se habr\u00eda iniciado cuando la mujer ingres\u00f3 al mar en una zona de piedras que no estar\u00eda permitido acceder y, momentos despu\u00e9s comenz\u00f3 a pedir auxilio, por lo cual tres compa\u00f1eros de trabajo se metieron para ayudarla.<\/p>\n\n\n\n<p>Al no poder sacarla del agua, arrib\u00f3 al lugar personal de la Prefectura que lograron rescatar a la mujer y a uno de los hombres, mientras que otro logr\u00f3 salir solo, pero el restante, identificado como Facundo Adri\u00e1n Toro, de 30 a\u00f1os, no pudo salir y es buscado intensamente en el agua.<\/p>\n\n\n\n<p>\u00abHab\u00eda tres personas en el agua, dos fueron rescatadas, una logra salir por sus propios medios y hay una cuarta persona que no pudo salir, por lo cual se desat\u00f3 un procedimiento de b\u00fasqueda y rescate\u00bb, precis\u00f3 Sebasti\u00e1n Sorribas, de la Armada de Uruguay.<\/p>\n\n\n\n<p>Seg\u00fan inform\u00f3 el diario El Pa\u00eds, a las 7:15 de este mi\u00e9rcoles la Guardia Nacional recibi\u00f3 un llamado informando sobre tres personas entre la Playa Brava de Punta del Este y la Playa El Emir que ten\u00edan \u201cdificultad para salir en zona de rocas\u201d.<\/p>\n\n\n\n<p>As\u00ed lo indic\u00f3 Alejandro P\u00e9rez, vocero de la Armada Nacional, quien agreg\u00f3 que se trata de un hombre de aproximadamente 30 a\u00f1os que es \u201cciudadano argentino\u201d.<\/p>\n\n\n\n<p>\u201cInmediatamente se destaca bote semirr\u00edgido y m\u00f3viles terrestres. En el lugar, el personal de esta Prefectura se arroja al mar logrando rescatar de las aguas a un masculino y una femenina. Un tercer masculino que presuntamente realizaba el rescate sali\u00f3 por sus propios medios y se encuentra un cuarto masculino desaparecido y se contin\u00faa con b\u00fasqueda por mar y tierra\u201d, se\u00f1al\u00f3 el portavoz.<\/p>\n\n\n\n<p>Y agreg\u00f3 sobre el estado de salud de los rescatados que \u00abse encuentran en buen estado en Hospital de Maldonado bajo observaci\u00f3n\u201d, mientras que en relaci\u00f3n al argentino detall\u00f3 que se encuentra en el pa\u00eds vecino realizando la zafra de verano en un comercio del rubro gastron\u00f3mico.<\/p>\n","protected":false},"excerpt":{"rendered":"<p>Un argentino de 30 a&ntilde;os es intensamente buscado tras haber desaparecido en el mar donde se hab&iacute;a arrojado junto a amigos para rescatar a una compa&ntilde;era de trabajo que se hab&iacute;a metido al agua luego de los festejos del A&ntilde;o Nuevo. Seg&uacute;n informaron los medios uruguayos, el hecho se produjo en las &uacute;ltimas horas y [&hellip;]<\/p>\n","protected":false},"author":2,"featured_media":10429,"comment_status":"open","ping_status":"open","sticky":false,"template":"","format":"standard","meta":{"footnotes":""},"categories":[9,7],"tags":[2067,449,698,481,1341,4752],"class_list":["post-10428","post","type-post","status-publish","format-standard","has-post-thumbnail","hentry","category-internacionales","category-policiales","tag-argentino","tag-busqueda","tag-desaparecido","tag-hombre","tag-mar","tag-punta-del-este"],"_links":{"self":[{"href":"https:\/\/partediario.com.ar\/index.php?rest_route=\/wp\/v2\/posts\/10428","targetHints":{"allow":["GET"]}}],"collection":[{"href":"https:\/\/partediario.com.ar\/index.php?rest_route=\/wp\/v2\/posts"}],"about":[{"href":"https:\/\/partediario.com.ar\/index.php?rest_route=\/wp\/v2\/types\/post"}],"author":[{"embeddable":true,"href":"https:\/\/partediario.com.ar\/index.php?rest_route=\/wp\/v2\/users\/2"}],"replies":[{"embeddable":true,"href":"https:\/\/partediario.com.ar\/index.php?rest_route=%2Fwp%2Fv2%2Fcomments&post=10428"}],"version-history":[{"count":1,"href":"https:\/\/partediario.com.ar\/index.php?rest_route=\/wp\/v2\/posts\/10428\/revisions"}],"predecessor-version":[{"id":10430,"href":"https:\/\/partediario.com.ar\/index.php?rest_route=\/wp\/v2\/posts\/10428\/revisions\/10430"}],"wp:featuredmedia":[{"embeddable":true,"href":"https:\/\/partediario.com.ar\/index.php?rest_route=\/wp\/v2\/media\/10429"}],"wp:attachment":[{"href":"https:\/\/partediario.com.ar\/index.php?rest_route=%2Fwp%2Fv2%2Fmedia&parent=10428"}],"wp:term":[{"taxonomy":"category","embeddable":true,"href":"https:\/\/partediario.com.ar\/index.php?rest_route=%2Fwp%2Fv2%2Fcategories&post=10428"},{"taxonomy":"post_tag","embeddable":true,"href":"https:\/\/partediario.com.ar\/index.php?rest_route=%2Fwp%2Fv2%2Ftags&post=10428"}],"curies":[{"name":"wp","href":"https:\/\/api.w.org\/{rel}","templated":true}]}}