{"id":10434,"date":"2025-01-01T19:27:33","date_gmt":"2025-01-01T22:27:33","guid":{"rendered":"https:\/\/partediario.com.ar\/?p=10434"},"modified":"2025-01-03T08:56:02","modified_gmt":"2025-01-03T11:56:02","slug":"murio-el-legendario-cantante-leo-dan","status":"publish","type":"post","link":"https:\/\/partediario.com.ar\/?p=10434","title":{"rendered":"Muri\u00f3 el legendario cantante Leo Dan"},"content":{"rendered":"\n<h3 class=\"wp-block-heading\">El mundo de la m\u00fasica est\u00e1 de luto. Este 1 de enero de 2025, muri\u00f3 a los 82 a\u00f1os el cantante y compositor Leopoldo Dante T\u00e9vez, conocido en Argentina y Latinoam\u00e9rica como Leo Dan. La noticia fue confirmada por su familia por medio de sus redes sociales, donde expresaron su gratitud por el amor y apoyo recibidos a lo largo de su vida.<\/h3>\n\n\n\n<p>Nacido en Santiago del Estero en 1942, Leo Dan se convirti\u00f3 en uno de los mayores exponentes de la m\u00fasica rom\u00e1ntica en Am\u00e9rica Latina. \u00c9xitos como \u201cC\u00f3mo te extra\u00f1o mi amor\u201d y \u201cEsa pared\u201d quedaron grabados en el coraz\u00f3n de millones de personas, consolid\u00e1ndolo como un s\u00edmbolo de la m\u00fasica popular.<\/p>\n\n\n\n<p>En el comunicado oficial, su familia subray\u00f3 que Leo Dan \u201cparti\u00f3 en paz y acompa\u00f1ado del amor de sus seres queridos\u201d, describi\u00e9ndolo como un gu\u00eda espiritual que seguir\u00e1 iluminando a todos aquellos tocados por su arte. Asimismo, invitaron a sus seguidores a celebrar su vida y su m\u00fasica eterna.<\/p>\n\n\n\n<p>Con m\u00e1s de 50 a\u00f1os de trayectoria y una obra que trascendi\u00f3 las fronteras nacionales, Leo Dan deja un legado art\u00edstico imborrable. Su m\u00fasica, cargada de sentimiento y poes\u00eda, seguir\u00e1 sonando en cada rinc\u00f3n donde el amor y la nostalgia encuentren un espacio.<\/p>\n\n\n\n<p><strong>Comunicado oficial de la familia de Leo Dan en su cuenta de Facebook<\/strong><\/p>\n\n\n\n\n\n<iframe loading=\"lazy\" src=\"https:\/\/www.facebook.com\/plugins\/post.php?href=https%3A%2F%2Fwww.facebook.com%2FLeo.Dan.Oficial%2Fposts%2Fpfbid02nfqCZHjDHogjN33C8GFbCY5zsU81FtHWxqeQTHDUoe13rF7z2S8T4FQPbFa2Fop7l&#038;show_text=true&#038;width=500\" width=\"500\" height=\"738\" style=\"border:none;overflow:hidden\" scrolling=\"no\" frameborder=\"0\" allowfullscreen=\"true\" allow=\"autoplay; clipboard-write; encrypted-media; picture-in-picture; web-share\"><\/iframe>\n\n\n\n<p><\/p>\n","protected":false},"excerpt":{"rendered":"<p>El mundo de la m&uacute;sica est&aacute; de luto. Este 1 de enero de 2025, muri&oacute; a los 82 a&ntilde;os el cantante y compositor Leopoldo Dante T&eacute;vez, conocido en Argentina y Latinoam&eacute;rica como Leo Dan. La noticia fue confirmada por su familia por medio de sus redes sociales, donde expresaron su gratitud por el amor y [&hellip;]<\/p>\n","protected":false},"author":2,"featured_media":10435,"comment_status":"open","ping_status":"open","sticky":false,"template":"","format":"standard","meta":{"footnotes":""},"categories":[4329,5,726],"tags":[],"class_list":["post-10434","post","type-post","status-publish","format-standard","has-post-thumbnail","hentry","category-espectaculos","category-nacionales","category-sociedad"],"_links":{"self":[{"href":"https:\/\/partediario.com.ar\/index.php?rest_route=\/wp\/v2\/posts\/10434","targetHints":{"allow":["GET"]}}],"collection":[{"href":"https:\/\/partediario.com.ar\/index.php?rest_route=\/wp\/v2\/posts"}],"about":[{"href":"https:\/\/partediario.com.ar\/index.php?rest_route=\/wp\/v2\/types\/post"}],"author":[{"embeddable":true,"href":"https:\/\/partediario.com.ar\/index.php?rest_route=\/wp\/v2\/users\/2"}],"replies":[{"embeddable":true,"href":"https:\/\/partediario.com.ar\/index.php?rest_route=%2Fwp%2Fv2%2Fcomments&post=10434"}],"version-history":[{"count":1,"href":"https:\/\/partediario.com.ar\/index.php?rest_route=\/wp\/v2\/posts\/10434\/revisions"}],"predecessor-version":[{"id":10436,"href":"https:\/\/partediario.com.ar\/index.php?rest_route=\/wp\/v2\/posts\/10434\/revisions\/10436"}],"wp:featuredmedia":[{"embeddable":true,"href":"https:\/\/partediario.com.ar\/index.php?rest_route=\/wp\/v2\/media\/10435"}],"wp:attachment":[{"href":"https:\/\/partediario.com.ar\/index.php?rest_route=%2Fwp%2Fv2%2Fmedia&parent=10434"}],"wp:term":[{"taxonomy":"category","embeddable":true,"href":"https:\/\/partediario.com.ar\/index.php?rest_route=%2Fwp%2Fv2%2Fcategories&post=10434"},{"taxonomy":"post_tag","embeddable":true,"href":"https:\/\/partediario.com.ar\/index.php?rest_route=%2Fwp%2Fv2%2Ftags&post=10434"}],"curies":[{"name":"wp","href":"https:\/\/api.w.org\/{rel}","templated":true}]}}