{"id":10440,"date":"2025-01-01T19:38:35","date_gmt":"2025-01-01T22:38:35","guid":{"rendered":"https:\/\/partediario.com.ar\/?p=10440"},"modified":"2025-01-02T10:58:42","modified_gmt":"2025-01-02T13:58:42","slug":"cual-es-el-cambio-que-ya-rige-para-los-tickets-y-facturas-emitidos-por-grandes-empresas","status":"publish","type":"post","link":"https:\/\/partediario.com.ar\/?p=10440","title":{"rendered":"Cual es el cambio que ya rige para los tickets y facturas emitidos por grandes empresas"},"content":{"rendered":"\n<h3 class=\"wp-block-heading\">Ya entr\u00f3 en vigencia el r\u00e9gimen de transparencia fiscal, por el cual las empresas y los comerciantes deber\u00e1n discriminar en la factura y ticket de venta el Impuesto al Valor Agregado (IVA) y otras cargas tributarias.<\/h3>\n\n\n\n<p>En esta primera etapa deben implementarlo las grandes empresas. Los supermercados, por ejemplo, ya comenzaron a aplicar la medida.<\/p>\n\n\n\n<p>Todos los comprobantes deber\u00e1n tener una l\u00ednea donde se detalle el monto correspondiente al IVA y, cuando sean emitidos por una compa\u00f1\u00eda grande (que detalla el organismo en su p\u00e1gina), tambi\u00e9n indicar\u00e1n los impuestos internos que incidan en el precio final que paga el consumidor.<\/p>\n\n\n\n<p>El resto de los contribuyentes tendr\u00e1 un plazo opcional hasta el 1\u00b0 de abril pr\u00f3ximo, cuando pasar\u00e1 a ser obligatorio para todos.<\/p>\n\n\n\n<p>Aquellos contribuyentes que ya usan la factura electr\u00f3nica por medio de los sistemas de ARCA ver\u00e1n reflejada de forma autom\u00e1tica la discriminaci\u00f3n del IVA desde el 1\u00b0 de enero del a\u00f1o que viene.<\/p>\n\n\n\n<p>\u201cEl organismo implementar\u00e1 las adecuaciones sist\u00e9micas necesarias\u201d, se\u00f1al\u00f3 ARCA.<\/p>\n\n\n\n<p>Quienes utilicen controladores fiscales de nueva tecnolog\u00eda, podr\u00e1n seguir usando ese equipamiento en la medida que actualicen el firmware (en el caso de las cajas registradoras) o incorporen la informaci\u00f3n a trav\u00e9s del software de facturaci\u00f3n (en las impresoras fiscales).<\/p>\n\n\n\n<p>La agencia ARCA se\u00f1al\u00f3 que el objetivo es \u00abreafirmar el compromiso del Gobierno nacional con la transparencia fiscal, permitiendo a los consumidores conocer el impacto de los impuestos en las operaciones y que puedan contar con informaci\u00f3n para tomar sus decisiones comerciales con plena libertad\u201d.<\/p>\n\n\n\n<p>Los consumidores no tendr\u00e1n que hacer ninguna operaci\u00f3n, sino que en la factura o ticket de compra encontrar\u00e1n la leyenda \u201cR\u00e9gimen de Transparencia Fiscal al Consumidor (Ley 27.743)\u201d, donde estar\u00e1n discriminados los impuestos anteriormente detallados.<\/p>\n\n\n\n<p>Desde el Gobierno adem\u00e1s invitaron a las provincias y a la Ciudad de Buenos Aires a dictar las respectivas normas para que los consumidores finales tambi\u00e9n tengan conocimiento de la incidencia del impuesto sobre los ingresos brutos y de los respectivos tributos municipales en la formaci\u00f3n de los precios de los bienes, locaciones y prestaciones de servicios.<\/p>\n\n\n\n<p>El presidente de L\u00f3gica, ONG que impuls\u00f3 la medida, Mat\u00edas Olivero Vila, expres\u00f3 que \u201cla falta de conciencia fiscal, derivada del ocultamiento de impuestos llev\u00f3 a que la ciudadan\u00eda no exigiera a los pol\u00edticos una conducta responsable en el gasto y en los tributos que pesan en la vida cotidiana\u00bb.<\/p>\n\n\n\n<p>Y agreg\u00f3 que \u00abeste proceso ha sido funcional a que soportemos los impuestos y la inflaci\u00f3n m\u00e1s altos del mundo, reflejo de lo que ha sido el descontrol del gasto p\u00fablico\u201d.<\/p>\n\n\n\n<p>Olivero Vila sostuvo que con esta medida \u00abse terminan los 50 a\u00f1os de la inaceptable prohibici\u00f3n de mostrar los impuestos al consumidor. El saber los tributos que soportamos nos empoderar\u00e1 para involucrarnos y exigir impuestos y gastos p\u00fablicos l\u00f3gicos, tambi\u00e9n a exigir servicios acordes del Estado. Y los pol\u00edticos sabr\u00e1n que los tributos excesivos que sancionen ir\u00e1n al ticket. Este saber le dar\u00e1 poder al ciudadano y as\u00ed el votante decidir\u00e1 en la oferta electoral\u201d, concluy\u00f3.<\/p>\n","protected":false},"excerpt":{"rendered":"<p>Ya entr&oacute; en vigencia el r&eacute;gimen de transparencia fiscal, por el cual las empresas y los comerciantes deber&aacute;n discriminar en la factura y ticket de venta el Impuesto al Valor Agregado (IVA) y otras cargas tributarias. En esta primera etapa deben implementarlo las grandes empresas. Los supermercados, por ejemplo, ya comenzaron a aplicar la medida. [&hellip;]<\/p>\n","protected":false},"author":2,"featured_media":10441,"comment_status":"open","ping_status":"open","sticky":false,"template":"","format":"standard","meta":{"footnotes":""},"categories":[5,176],"tags":[3201,1100,2741,4754,4714],"class_list":["post-10440","post","type-post","status-publish","format-standard","has-post-thumbnail","hentry","category-nacionales","category-politica","tag-facturas","tag-fiscal","tag-iva","tag-tickets","tag-transparencia"],"_links":{"self":[{"href":"https:\/\/partediario.com.ar\/index.php?rest_route=\/wp\/v2\/posts\/10440","targetHints":{"allow":["GET"]}}],"collection":[{"href":"https:\/\/partediario.com.ar\/index.php?rest_route=\/wp\/v2\/posts"}],"about":[{"href":"https:\/\/partediario.com.ar\/index.php?rest_route=\/wp\/v2\/types\/post"}],"author":[{"embeddable":true,"href":"https:\/\/partediario.com.ar\/index.php?rest_route=\/wp\/v2\/users\/2"}],"replies":[{"embeddable":true,"href":"https:\/\/partediario.com.ar\/index.php?rest_route=%2Fwp%2Fv2%2Fcomments&post=10440"}],"version-history":[{"count":1,"href":"https:\/\/partediario.com.ar\/index.php?rest_route=\/wp\/v2\/posts\/10440\/revisions"}],"predecessor-version":[{"id":10442,"href":"https:\/\/partediario.com.ar\/index.php?rest_route=\/wp\/v2\/posts\/10440\/revisions\/10442"}],"wp:featuredmedia":[{"embeddable":true,"href":"https:\/\/partediario.com.ar\/index.php?rest_route=\/wp\/v2\/media\/10441"}],"wp:attachment":[{"href":"https:\/\/partediario.com.ar\/index.php?rest_route=%2Fwp%2Fv2%2Fmedia&parent=10440"}],"wp:term":[{"taxonomy":"category","embeddable":true,"href":"https:\/\/partediario.com.ar\/index.php?rest_route=%2Fwp%2Fv2%2Fcategories&post=10440"},{"taxonomy":"post_tag","embeddable":true,"href":"https:\/\/partediario.com.ar\/index.php?rest_route=%2Fwp%2Fv2%2Ftags&post=10440"}],"curies":[{"name":"wp","href":"https:\/\/api.w.org\/{rel}","templated":true}]}}