{"id":10446,"date":"2025-01-02T10:21:22","date_gmt":"2025-01-02T13:21:22","guid":{"rendered":"https:\/\/partediario.com.ar\/?p=10446"},"modified":"2025-01-02T10:21:23","modified_gmt":"2025-01-02T13:21:23","slug":"ate-convoca-a-asamblea-en-la-ex-esma-en-rechazo-al-cierre-del-centro-cultural-haroldo-conti","status":"publish","type":"post","link":"https:\/\/partediario.com.ar\/?p=10446","title":{"rendered":"ATE convoca a asamblea en la ex Esma en rechazo al cierre del Centro Cultural Haroldo Conti"},"content":{"rendered":"\n<h3 class=\"wp-block-heading\">Los empleados de la Asociaci\u00f3n recibieron el martes 31, mensajes de whatsapp indic\u00e1ndoles que no deb\u00edan presentarse a trabajar a partir del primer d\u00eda h\u00e1bil de 2025.<\/h3>\n\n\n\n<p>Trabajadores de la Secretar\u00eda de Derechos Humanos de la Naci\u00f3n convocaron a concentrarse en la puerta de la sede del Espacio Memoria ex ESMA, este jueves a partir de las 10, para llevar adelante una asamblea unificada en rechazo de lo que denuncian como \u201ccierre\u201d del Centro Cultural Haroldo Conti por parte del Gobierno nacional.<\/p>\n\n\n\n<p>Seg\u00fan inform\u00f3 la Asociaci\u00f3n de Trabajadores del Estado (ATE), este martes 31 de diciembre el secretario de Derechos Humanos, Alberto Ba\u00f1os, decidi\u00f3 cerrar el Centro Cultural Haroldo Conti notificando a los trabajadores que no deb\u00edan concurrir a su lugar de trabajo hasta nuevo aviso por una \u201creestructuraci\u00f3n\u201d.<\/p>\n\n\n\n<p>Seg\u00fan explicaron desde ATE, los empleados recibieron mensajes de WhatsApp en sus tel\u00e9fonos que adem\u00e1s del cierre de su lugar de trabajo, les anunciaba que quedaban en guardia pasiva y que no deb\u00edan presentarse a trabajar a partir del 2 de enero.<\/p>\n\n\n\n<p>El gremio denunci\u00f3 que a lo largo de 2024 el Centro Cultural Haroldo Conti funcion\u00f3 sin presupuesto, y que la programaci\u00f3n de actividades fue realizada por los propios trabajadores sin una direcci\u00f3n por parte de la Secretar\u00eda.<\/p>\n","protected":false},"excerpt":{"rendered":"<p>Los empleados de la Asociaci&oacute;n recibieron el martes 31, mensajes de whatsapp indic&aacute;ndoles que no deb&iacute;an presentarse a trabajar a partir del primer d&iacute;a h&aacute;bil de 2025. Trabajadores de la Secretar&iacute;a de Derechos Humanos de la Naci&oacute;n convocaron a concentrarse en la puerta de la sede del Espacio Memoria ex ESMA, este jueves a partir [&hellip;]<\/p>\n","protected":false},"author":2,"featured_media":10447,"comment_status":"open","ping_status":"open","sticky":false,"template":"","format":"standard","meta":{"footnotes":""},"categories":[978,5,176],"tags":[2908,219,4759,4758,4760],"class_list":["post-10446","post","type-post","status-publish","format-standard","has-post-thumbnail","hentry","category-gremiales","category-nacionales","category-politica","tag-asamblea","tag-ate","tag-centro-cultural","tag-ex-esma","tag-haroldo-conti"],"_links":{"self":[{"href":"https:\/\/partediario.com.ar\/index.php?rest_route=\/wp\/v2\/posts\/10446","targetHints":{"allow":["GET"]}}],"collection":[{"href":"https:\/\/partediario.com.ar\/index.php?rest_route=\/wp\/v2\/posts"}],"about":[{"href":"https:\/\/partediario.com.ar\/index.php?rest_route=\/wp\/v2\/types\/post"}],"author":[{"embeddable":true,"href":"https:\/\/partediario.com.ar\/index.php?rest_route=\/wp\/v2\/users\/2"}],"replies":[{"embeddable":true,"href":"https:\/\/partediario.com.ar\/index.php?rest_route=%2Fwp%2Fv2%2Fcomments&post=10446"}],"version-history":[{"count":1,"href":"https:\/\/partediario.com.ar\/index.php?rest_route=\/wp\/v2\/posts\/10446\/revisions"}],"predecessor-version":[{"id":10448,"href":"https:\/\/partediario.com.ar\/index.php?rest_route=\/wp\/v2\/posts\/10446\/revisions\/10448"}],"wp:featuredmedia":[{"embeddable":true,"href":"https:\/\/partediario.com.ar\/index.php?rest_route=\/wp\/v2\/media\/10447"}],"wp:attachment":[{"href":"https:\/\/partediario.com.ar\/index.php?rest_route=%2Fwp%2Fv2%2Fmedia&parent=10446"}],"wp:term":[{"taxonomy":"category","embeddable":true,"href":"https:\/\/partediario.com.ar\/index.php?rest_route=%2Fwp%2Fv2%2Fcategories&post=10446"},{"taxonomy":"post_tag","embeddable":true,"href":"https:\/\/partediario.com.ar\/index.php?rest_route=%2Fwp%2Fv2%2Ftags&post=10446"}],"curies":[{"name":"wp","href":"https:\/\/api.w.org\/{rel}","templated":true}]}}