{"id":10449,"date":"2025-01-02T10:25:47","date_gmt":"2025-01-02T13:25:47","guid":{"rendered":"https:\/\/partediario.com.ar\/?p=10449"},"modified":"2025-01-03T08:55:52","modified_gmt":"2025-01-03T11:55:52","slug":"continua-la-busqueda-del-joven-argentino-que-desaparecio-tras-meterse-al-mar-en-punta-del-este","status":"publish","type":"post","link":"https:\/\/partediario.com.ar\/?p=10449","title":{"rendered":"Contin\u00faa la b\u00fasqueda del joven argentino que desapareci\u00f3 tras meterse al mar en Punta del Este"},"content":{"rendered":"\n<h3 class=\"wp-block-heading\">Sigue la b\u00fasqueda de Facundo Adri\u00e1n Toro en Punta del Este, a m\u00e1s de 24 horas de su desaparici\u00f3n tras ingresar al mar para rescatar a una amiga que se hab\u00eda sumergido en una zona donde est\u00e1 prohibido.<\/h3>\n\n\n\n<p>En la ma\u00f1ana del 1 de enero personal de Prefectura de Uruguay inici\u00f3 un amplio operativo por mar y tierra luego de la denuncia de que un joven se meti\u00f3 al mar y desapareci\u00f3.<\/p>\n\n\n\n<p>Durante la tarde del mi\u00e9rcoles los rastrillajes debieron concluir debido a los problemas meteorol\u00f3gicos que impidieron continuar con los operativos con lanchas, botes y personal en tierra.<\/p>\n\n\n\n<p>Se aguarda que este jueves siga la b\u00fasqueda por parte de agentes de la Prefectura Naval de Uruguay y la Brigada de Guardavidas del Departamento de Maldonado.<\/p>\n\n\n\n<p>En un video registrado por testigos se observa cuando Toro ingresa al mar para rescatar a una amiga que, junto con otras personas, se hab\u00edan metido y no lograban salir por las correntadas, sumado a las rocas que se hallaban en la costa.<\/p>\n\n\n\n<p>Afortunadamente, las tres personas lograron ser rescatadas por personal de Prefectura, sin embargo Toro desapareci\u00f3, por lo que se realiz\u00f3 un operativo especial.<\/p>\n\n\n\n<p>Sobre los rescatados, las autoridades informaron que est\u00e1n en buen estado de salud y fueron atendidos en el Hospital Maldonado.<\/p>\n","protected":false},"excerpt":{"rendered":"<p>Sigue la b&uacute;squeda de Facundo Adri&aacute;n Toro en Punta del Este, a m&aacute;s de 24 horas de su desaparici&oacute;n tras ingresar al mar para rescatar a una amiga que se hab&iacute;a sumergido en una zona donde est&aacute; prohibido. En la ma&ntilde;ana del 1 de enero personal de Prefectura de Uruguay inici&oacute; un amplio operativo por [&hellip;]<\/p>\n","protected":false},"author":2,"featured_media":10450,"comment_status":"open","ping_status":"open","sticky":false,"template":"","format":"standard","meta":{"footnotes":""},"categories":[9,7],"tags":[449,4762,4764,4763,1341,4752],"class_list":["post-10449","post","type-post","status-publish","format-standard","has-post-thumbnail","hentry","category-internacionales","category-policiales","tag-busqueda","tag-continua","tag-desaparecio","tag-facundo-adrian-toro","tag-mar","tag-punta-del-este"],"_links":{"self":[{"href":"https:\/\/partediario.com.ar\/index.php?rest_route=\/wp\/v2\/posts\/10449","targetHints":{"allow":["GET"]}}],"collection":[{"href":"https:\/\/partediario.com.ar\/index.php?rest_route=\/wp\/v2\/posts"}],"about":[{"href":"https:\/\/partediario.com.ar\/index.php?rest_route=\/wp\/v2\/types\/post"}],"author":[{"embeddable":true,"href":"https:\/\/partediario.com.ar\/index.php?rest_route=\/wp\/v2\/users\/2"}],"replies":[{"embeddable":true,"href":"https:\/\/partediario.com.ar\/index.php?rest_route=%2Fwp%2Fv2%2Fcomments&post=10449"}],"version-history":[{"count":1,"href":"https:\/\/partediario.com.ar\/index.php?rest_route=\/wp\/v2\/posts\/10449\/revisions"}],"predecessor-version":[{"id":10451,"href":"https:\/\/partediario.com.ar\/index.php?rest_route=\/wp\/v2\/posts\/10449\/revisions\/10451"}],"wp:featuredmedia":[{"embeddable":true,"href":"https:\/\/partediario.com.ar\/index.php?rest_route=\/wp\/v2\/media\/10450"}],"wp:attachment":[{"href":"https:\/\/partediario.com.ar\/index.php?rest_route=%2Fwp%2Fv2%2Fmedia&parent=10449"}],"wp:term":[{"taxonomy":"category","embeddable":true,"href":"https:\/\/partediario.com.ar\/index.php?rest_route=%2Fwp%2Fv2%2Fcategories&post=10449"},{"taxonomy":"post_tag","embeddable":true,"href":"https:\/\/partediario.com.ar\/index.php?rest_route=%2Fwp%2Fv2%2Ftags&post=10449"}],"curies":[{"name":"wp","href":"https:\/\/api.w.org\/{rel}","templated":true}]}}