{"id":10463,"date":"2025-01-02T17:08:21","date_gmt":"2025-01-02T20:08:21","guid":{"rendered":"https:\/\/partediario.com.ar\/?p=10463"},"modified":"2025-01-02T17:08:21","modified_gmt":"2025-01-02T20:08:21","slug":"el-gobernador-de-entre-rios-recorrio-una-obra-pluvial-reiniciada-en-general-galarza","status":"publish","type":"post","link":"https:\/\/partediario.com.ar\/?p=10463","title":{"rendered":"El gobernador de Entre R\u00edos recorri\u00f3 una obra pluvial reiniciada en General Galarza"},"content":{"rendered":"\n<h3 class=\"wp-block-heading\">Rogelio Frigerio recorri\u00f3 una de las obras reiniciadas por el gobierno provincial en General Galarza. Se trata de la sistematizaci\u00f3n de desag\u00fces pluviales sobre calle Hernandarias, que permitir\u00e1 mejorar el escurrimiento del agua durante las lluvias y evitar as\u00ed inundaciones.<\/h3>\n\n\n\n<p>El mandatario entrerriano, acompa\u00f1ado del ministro de Planeamiento, Infraestructura y Servicios, Dar\u00edo Schneider, y el director de Hidr\u00e1ulica y Obras Sanitarias de la provincia, Oscar Pintos, fue recibido en la municipalidad por el intendente Fabi\u00e1n Menescardi y el senador del departamento Gualeguay, Casiano Otaegui.<\/p>\n\n\n\n<p>Junto a las autoridades locales, recorri\u00f3 la obra de sistematizaci\u00f3n de desag\u00fces pluviales sobre calle Hernandarias. Se trata de una obra solicitada por el municipio que fue reiniciada en noviembre de 2024 y presenta un 25 por ciento de avance, con una inversi\u00f3n, hasta el momento, de 4.028.954.253 pesos aportados por el gobierno provincial. Frigerio se\u00f1al\u00f3 que el proyecto era muy necesario para la localidad. \u00abVamos a hacer lo imposible para que se culmine en el 2026. Esta obra forma parte de un plan de ordenamiento hidr\u00e1ulico en todo el departamento\u00bb, inform\u00f3 el gobernador.<\/p>\n\n\n\n<p>Por su parte, el intendente Menescardi destac\u00f3 que \u00abesto se pudo lograr gracias al apoyo del gobernador\u00bb y valor\u00f3 el esfuerzo del gobierno provincial para concretar \u00abesta obra emblem\u00e1tica del desag\u00fce pluvial. Es una gran alegr\u00eda para nosotros\u00bb, subray\u00f3. Debido a las intensas lluvias, los acumulados pluviales confluyen sobre esta calle, entre Gregoria P\u00e9rez y Av. Ram\u00edrez, provocando inundaciones. El objetivo es solucionar esta problem\u00e1tica mediante la construcci\u00f3n de conductos, cordones cunetas y pavimentaci\u00f3n. Se espera que la obra est\u00e9 terminada para octubre de 2026.<\/p>\n\n\n\n<p>Adem\u00e1s de la obra pluvial, las autoridades visitaron el centro cultural Galarza, ubicado en la ex estaci\u00f3n de ferrocarril, que cuenta con cinco salas tem\u00e1ticas, adem\u00e1s de una sala de teatro y una sala multimedia. En la oportunidad, el gobernador se interioriz\u00f3 sobre las actividades que all\u00ed se desarrollan y destac\u00f3 la utilizaci\u00f3n del espacio remarcando que \u00ablas obras sirven si se aprovechan por parte del pueblo\u00bb.<\/p>\n\n\n\n<p>\u00abEsto se hizo con mucho esfuerzo y puede ser utilizado para el crecimiento cultural de esta sociedad. La cultura, la educaci\u00f3n, nos da libertad, por eso es tan importante que el Estado se ocupe de promoverlas\u00bb, manifest\u00f3 Frigerio.<\/p>\n\n\n\n<p>Luego la comitiva se dirigi\u00f3 al polideportivo municipal, donde se desarrolla actualmente el programa Acciones de Verano del gobierno provincial. En ese marco, el intendente indic\u00f3 que \u00abtodo lo que estamos viendo y recorriendo se pudo lograr gracias al apoyo del gobernador, sino es imposible. Proyectamos para 2025 hacer lo que falta para tener nuestro complejo acu\u00e1tico terminado\u00bb. Las actividades, destinadas a las ni\u00f1eces, se llevan adelante a trav\u00e9s del Consejo General de Educaci\u00f3n en conjunto entre el Centro de Educaci\u00f3n F\u00edsica (CEF) N\u00b0 8 y la municipalidad.<\/p>\n","protected":false},"excerpt":{"rendered":"<p>Rogelio Frigerio recorri&oacute; una de las obras reiniciadas por el gobierno provincial en General Galarza. Se trata de la sistematizaci&oacute;n de desag&uuml;es pluviales sobre calle Hernandarias, que permitir&aacute; mejorar el escurrimiento del agua durante las lluvias y evitar as&iacute; inundaciones. El mandatario entrerriano, acompa&ntilde;ado del ministro de Planeamiento, Infraestructura y Servicios, Dar&iacute;o Schneider, y el [&hellip;]<\/p>\n","protected":false},"author":2,"featured_media":10464,"comment_status":"open","ping_status":"open","sticky":false,"template":"","format":"standard","meta":{"footnotes":""},"categories":[8],"tags":[257,4773,1109,245],"class_list":["post-10463","post","type-post","status-publish","format-standard","has-post-thumbnail","hentry","category-provinciales","tag-entre-rios","tag-general-galarza","tag-obra","tag-rogelio-frigerio"],"_links":{"self":[{"href":"https:\/\/partediario.com.ar\/index.php?rest_route=\/wp\/v2\/posts\/10463","targetHints":{"allow":["GET"]}}],"collection":[{"href":"https:\/\/partediario.com.ar\/index.php?rest_route=\/wp\/v2\/posts"}],"about":[{"href":"https:\/\/partediario.com.ar\/index.php?rest_route=\/wp\/v2\/types\/post"}],"author":[{"embeddable":true,"href":"https:\/\/partediario.com.ar\/index.php?rest_route=\/wp\/v2\/users\/2"}],"replies":[{"embeddable":true,"href":"https:\/\/partediario.com.ar\/index.php?rest_route=%2Fwp%2Fv2%2Fcomments&post=10463"}],"version-history":[{"count":1,"href":"https:\/\/partediario.com.ar\/index.php?rest_route=\/wp\/v2\/posts\/10463\/revisions"}],"predecessor-version":[{"id":10465,"href":"https:\/\/partediario.com.ar\/index.php?rest_route=\/wp\/v2\/posts\/10463\/revisions\/10465"}],"wp:featuredmedia":[{"embeddable":true,"href":"https:\/\/partediario.com.ar\/index.php?rest_route=\/wp\/v2\/media\/10464"}],"wp:attachment":[{"href":"https:\/\/partediario.com.ar\/index.php?rest_route=%2Fwp%2Fv2%2Fmedia&parent=10463"}],"wp:term":[{"taxonomy":"category","embeddable":true,"href":"https:\/\/partediario.com.ar\/index.php?rest_route=%2Fwp%2Fv2%2Fcategories&post=10463"},{"taxonomy":"post_tag","embeddable":true,"href":"https:\/\/partediario.com.ar\/index.php?rest_route=%2Fwp%2Fv2%2Ftags&post=10463"}],"curies":[{"name":"wp","href":"https:\/\/api.w.org\/{rel}","templated":true}]}}