{"id":10467,"date":"2025-01-02T17:11:45","date_gmt":"2025-01-02T20:11:45","guid":{"rendered":"https:\/\/partediario.com.ar\/?p=10467"},"modified":"2025-01-02T17:11:46","modified_gmt":"2025-01-02T20:11:46","slug":"la-municipalidad-de-parana-realiza-fumigaciones-en-distintos-sectores-de-la-ciudad","status":"publish","type":"post","link":"https:\/\/partediario.com.ar\/?p=10467","title":{"rendered":"La Municipalidad de Paran\u00e1 realiza fumigaciones en distintos sectores de la ciudad"},"content":{"rendered":"\n<h3 class=\"wp-block-heading\">Este jueves se realizaron acciones en barrio Procrear, 500 Viviendas, El Perejil, Anacleto Medina y el viernes se va a fumigar costanera (la zona tur\u00edstica), para mitigar la proliferaci\u00f3n de mosquitos.<\/h3>\n\n\n\n<p>La secretaria de Salud, Claudia Enrique, aclar\u00f3 que la invasi\u00f3n de mosquitos actual en el litoral argentino \u201cno es del mosquito que transmite el dengue, chikungunya, ni fibra amarilla\u201d.<\/p>\n\n\n\n<p><\/p>\n\n\n\n<figure class=\"wp-block-image size-large\"><img loading=\"lazy\" decoding=\"async\" width=\"1024\" height=\"682\" src=\"https:\/\/partediario.com.ar\/wp-content\/uploads\/1735843561_f437d4c84c4595a42113-1024x682.jpg\" alt=\"\" class=\"wp-image-10468\" srcset=\"https:\/\/partediario.com.ar\/wp-content\/uploads\/1735843561_f437d4c84c4595a42113-1024x682.jpg 1024w, https:\/\/partediario.com.ar\/wp-content\/uploads\/1735843561_f437d4c84c4595a42113-300x200.jpg 300w, https:\/\/partediario.com.ar\/wp-content\/uploads\/1735843561_f437d4c84c4595a42113-768x512.jpg 768w, https:\/\/partediario.com.ar\/wp-content\/uploads\/1735843561_f437d4c84c4595a42113.jpg 1280w\" sizes=\"auto, (max-width: 1024px) 100vw, 1024px\" \/><\/figure>\n\n\n\n<p><\/p>\n\n\n\n<p>La Direcci\u00f3n de Control de Plagas de la Subsecretar\u00eda de Ambiente de la Municipalidad de Paran\u00e1 aplic\u00f3 herbicidas con mochilas y equipos pesados en camionetas. Al respecto, Enrique coment\u00f3 la explosi\u00f3n demogr\u00e1fica de mosquitos \u201ces producto de una combinaci\u00f3n de factores clim\u00e1ticos y ambientales, como puede ser el aumento del agua del r\u00edo, la humedad, la lluvia y el calor que hizo en estos \u00faltimos d\u00edas\u201d.<\/p>\n\n\n\n<p>En ese sentido, aclar\u00f3 que \u201cla especie de insecto que apareci\u00f3 llama Aedes Albifasiatus, no es el mosquito que transmite el dengue, chikungunya, ni fiebre amarilla\u201d, pero se\u00f1al\u00f3 que \u201ces muy molesto, porque es un mosquito grande y que, en general, no transmite ninguna enfermedad, salvo alguien que pueda tener una reacci\u00f3n al\u00e9rgica\u201d.<\/p>\n\n\n\n<p>En ese marco, confirm\u00f3 que este viernes se realizar\u00e1n acciones de fumigaci\u00f3n en zonas tur\u00edsticas: costanera, puerto, zona de anfiteatro y rosedal, y el s\u00e1bado, tambi\u00e9n en el balneario Thompson y Puerto S\u00e1nchez.<\/p>\n","protected":false},"excerpt":{"rendered":"<p>Este jueves se realizaron acciones en barrio Procrear, 500 Viviendas, El Perejil, Anacleto Medina y el viernes se va a fumigar costanera (la zona tur&iacute;stica), para mitigar la proliferaci&oacute;n de mosquitos. La secretaria de Salud, Claudia Enrique, aclar&oacute; que la invasi&oacute;n de mosquitos actual en el litoral argentino &ldquo;no es del mosquito que transmite el [&hellip;]<\/p>\n","protected":false},"author":2,"featured_media":10469,"comment_status":"open","ping_status":"open","sticky":false,"template":"","format":"standard","meta":{"footnotes":""},"categories":[3272],"tags":[4774,4775,210,265],"class_list":["post-10467","post","type-post","status-publish","format-standard","has-post-thumbnail","hentry","category-municipales","tag-fumigaciones","tag-mosquitos","tag-municipalidad","tag-parana"],"_links":{"self":[{"href":"https:\/\/partediario.com.ar\/index.php?rest_route=\/wp\/v2\/posts\/10467","targetHints":{"allow":["GET"]}}],"collection":[{"href":"https:\/\/partediario.com.ar\/index.php?rest_route=\/wp\/v2\/posts"}],"about":[{"href":"https:\/\/partediario.com.ar\/index.php?rest_route=\/wp\/v2\/types\/post"}],"author":[{"embeddable":true,"href":"https:\/\/partediario.com.ar\/index.php?rest_route=\/wp\/v2\/users\/2"}],"replies":[{"embeddable":true,"href":"https:\/\/partediario.com.ar\/index.php?rest_route=%2Fwp%2Fv2%2Fcomments&post=10467"}],"version-history":[{"count":1,"href":"https:\/\/partediario.com.ar\/index.php?rest_route=\/wp\/v2\/posts\/10467\/revisions"}],"predecessor-version":[{"id":10470,"href":"https:\/\/partediario.com.ar\/index.php?rest_route=\/wp\/v2\/posts\/10467\/revisions\/10470"}],"wp:featuredmedia":[{"embeddable":true,"href":"https:\/\/partediario.com.ar\/index.php?rest_route=\/wp\/v2\/media\/10469"}],"wp:attachment":[{"href":"https:\/\/partediario.com.ar\/index.php?rest_route=%2Fwp%2Fv2%2Fmedia&parent=10467"}],"wp:term":[{"taxonomy":"category","embeddable":true,"href":"https:\/\/partediario.com.ar\/index.php?rest_route=%2Fwp%2Fv2%2Fcategories&post=10467"},{"taxonomy":"post_tag","embeddable":true,"href":"https:\/\/partediario.com.ar\/index.php?rest_route=%2Fwp%2Fv2%2Ftags&post=10467"}],"curies":[{"name":"wp","href":"https:\/\/api.w.org\/{rel}","templated":true}]}}