{"id":10474,"date":"2025-01-03T08:40:19","date_gmt":"2025-01-03T11:40:19","guid":{"rendered":"https:\/\/partediario.com.ar\/?p=10474"},"modified":"2025-01-07T11:33:29","modified_gmt":"2025-01-07T14:33:29","slug":"bullrich-activo-el-pedido-de-retiro-de-la-custodia-de-fabiola-yanez-de-forma-inmediata","status":"publish","type":"post","link":"https:\/\/partediario.com.ar\/?p=10474","title":{"rendered":"Bullrich activ\u00f3 el pedido de retiro de la custodia de Fabiola Ya\u00f1ez de forma inmediata"},"content":{"rendered":"\n<h3 class=\"wp-block-heading\">Patricia Bullrich respondi\u00f3 al pedido de Javier Milei y orden\u00f3 el retiro \u00abde manera inmediata\u00bb, y la realizaci\u00f3n de un informe sobre la custodia de Fabiola Ya\u00f1ez.<\/h3>\n\n\n\n<p>La ministra de Seguridad, Patricia Bullrich, contest\u00f3 r\u00e1pida y directa al pedido del presidente Javier Milei a trav\u00e9s de su cuenta de X: \u00abPresidente, ya hago el informe de manera inmediata y se lo elevo a la Justicia\u00bb. La declaraci\u00f3n refleja un alineamiento total con el pedido presidencial y deja en claro su disposici\u00f3n para actuar con celeridad en el asunto.<\/p>\n\n\n\n<p><\/p>\n\n\n\n<blockquote class=\"twitter-tweet\"><p lang=\"es\" dir=\"ltr\">CUSTODIA FABIOLA Y\u00c1\u00d1EZ<br><br>Le ped\u00ed a la Ministra de Seguridad <a href=\"https:\/\/twitter.com\/PatoBullrich?ref_src=twsrc%5Etfw\">@PatoBullrich<\/a> que eleve un informe a la justicia sobre el sin sentido de mantener una custodia a la ex primera dama y expareja del expresidente.<br>Seguro que la justicia evaluar\u00e1 este pedido positivamente. Los impuestos de\u2026<\/p>&mdash; Javier Milei (@JMilei) <a href=\"https:\/\/twitter.com\/JMilei\/status\/1874914234699513935?ref_src=twsrc%5Etfw\">January 2, 2025<\/a><\/blockquote> <script async src=\"https:\/\/platform.twitter.com\/widgets.js\" charset=\"utf-8\"><\/script>\n\n\n\n<p><\/p>\n\n\n\n<p>El presidente Javier Milei solicit\u00f3 a la Justicia que se retire la custodia oficial a la ex primera dama Fabiola Ya\u00f1ez, quien actualmente reside en Espa\u00f1a. La medida surge en medio de una disputa legal entre Ya\u00f1ez y el expresidente Alberto Fern\u00e1ndez por presunta violencia de g\u00e9nero.<\/p>\n\n\n\n<p><\/p>\n\n\n\n<blockquote class=\"twitter-tweet\"><p lang=\"es\" dir=\"ltr\">Presidente: ya hago el informe de manera inmediata y se lo elevo a la Justicia. <a href=\"https:\/\/t.co\/0qjuFTRBp5\">https:\/\/t.co\/0qjuFTRBp5<\/a><\/p>&mdash; Patricia Bullrich (@PatoBullrich) <a href=\"https:\/\/twitter.com\/PatoBullrich\/status\/1874916521883087351?ref_src=twsrc%5Etfw\">January 2, 2025<\/a><\/blockquote> <script async src=\"https:\/\/platform.twitter.com\/widgets.js\" charset=\"utf-8\"><\/script>\n\n\n\n<p><\/p>\n\n\n\n<p>\u00abLe ped\u00ed a la Ministra de Seguridad, @PatoBullrich, que eleve un informe a la justicia sobre el sinsentido de mantener una custodia a la ex primera dama y ex pareja del expresidente\u00bb, se\u00f1al\u00f3 Milei en su cuenta de X. \u00abDe manera inmediata\u00bb: Patricia Bullrich activ\u00f3 el pedido de retiro de la custodia de Fabiola Ya\u00f1ez.<\/p>\n\n\n\n<p>Adem\u00e1s, el presidente destac\u00f3: \u00abSeguro que la Justicia evaluar\u00e1 este pedido positivamente. Los impuestos de los ciudadanos son para mejorar la vida de la poblaci\u00f3n. No para privilegios de quienes no llevaron con austeridad la investidura\u00bb.<\/p>\n\n\n\n<p>Fuentes cercanas al Ministerio de Seguridad se\u00f1alaron que el informe ya se encuentra en proceso de elaboraci\u00f3n y ser\u00e1 presentado ante la Justicia en los pr\u00f3ximos d\u00edas.<\/p>\n\n\n\n<p><strong>El costo de la custodia de Ya\u00f1ez<\/strong><\/p>\n\n\n\n<p>La controversia se increment\u00f3 luego que se filtraran im\u00e1genes de Fabiola Ya\u00f1ez cenando en un exclusivo restaurante de Madrid para recibir el A\u00f1o Nuevo, acompa\u00f1ada por custodios asignados. En las fotograf\u00edas, se la observa en el restaurante La \u00danica junto a un hombre que ser\u00eda su nueva pareja.<\/p>\n\n\n\n<p>Paralelamente, el oficialismo present\u00f3 un proyecto para eliminar las custodias para exmandatarios en el exterior, iniciativa impulsada por la diputada Marcela Pagano. El objetivo es modificar el Decreto 735\/2023, firmado por Alberto Fern\u00e1ndez d\u00edas antes de finalizar su mandato, que establece estos beneficios.<\/p>\n\n\n\n<p>El gasto mensual de la custodia de Fabiola Ya\u00f1ez asciende a aproximadamente 36.000 d\u00f3lares, un monto que el actual gobierno considera injustificable.<\/p>\n\n\n\n<p>La Justicia deber\u00e1 evaluar el pedido del Ejecutivo y decidir si procede con el retiro de la custodia oficial a la ex primera dama.<\/p>\n","protected":false},"excerpt":{"rendered":"<p>Patricia Bullrich respondi&oacute; al pedido de Javier Milei y orden&oacute; el retiro &laquo;de manera inmediata&raquo;, y la realizaci&oacute;n de un informe sobre la custodia de Fabiola Ya&ntilde;ez. La ministra de Seguridad, Patricia Bullrich, contest&oacute; r&aacute;pida y directa al pedido del presidente Javier Milei a trav&eacute;s de su cuenta de X: &laquo;Presidente, ya hago el informe [&hellip;]<\/p>\n","protected":false},"author":2,"featured_media":10475,"comment_status":"open","ping_status":"open","sticky":false,"template":"","format":"standard","meta":{"footnotes":""},"categories":[979,5,176],"tags":[4778,2324,232,510],"class_list":["post-10474","post","type-post","status-publish","format-standard","has-post-thumbnail","hentry","category-judiciales","category-nacionales","category-politica","tag-custodia","tag-fabiola-yanez","tag-javier-milei","tag-patricia-bullrich"],"_links":{"self":[{"href":"https:\/\/partediario.com.ar\/index.php?rest_route=\/wp\/v2\/posts\/10474","targetHints":{"allow":["GET"]}}],"collection":[{"href":"https:\/\/partediario.com.ar\/index.php?rest_route=\/wp\/v2\/posts"}],"about":[{"href":"https:\/\/partediario.com.ar\/index.php?rest_route=\/wp\/v2\/types\/post"}],"author":[{"embeddable":true,"href":"https:\/\/partediario.com.ar\/index.php?rest_route=\/wp\/v2\/users\/2"}],"replies":[{"embeddable":true,"href":"https:\/\/partediario.com.ar\/index.php?rest_route=%2Fwp%2Fv2%2Fcomments&post=10474"}],"version-history":[{"count":1,"href":"https:\/\/partediario.com.ar\/index.php?rest_route=\/wp\/v2\/posts\/10474\/revisions"}],"predecessor-version":[{"id":10476,"href":"https:\/\/partediario.com.ar\/index.php?rest_route=\/wp\/v2\/posts\/10474\/revisions\/10476"}],"wp:featuredmedia":[{"embeddable":true,"href":"https:\/\/partediario.com.ar\/index.php?rest_route=\/wp\/v2\/media\/10475"}],"wp:attachment":[{"href":"https:\/\/partediario.com.ar\/index.php?rest_route=%2Fwp%2Fv2%2Fmedia&parent=10474"}],"wp:term":[{"taxonomy":"category","embeddable":true,"href":"https:\/\/partediario.com.ar\/index.php?rest_route=%2Fwp%2Fv2%2Fcategories&post=10474"},{"taxonomy":"post_tag","embeddable":true,"href":"https:\/\/partediario.com.ar\/index.php?rest_route=%2Fwp%2Fv2%2Ftags&post=10474"}],"curies":[{"name":"wp","href":"https:\/\/api.w.org\/{rel}","templated":true}]}}