{"id":10497,"date":"2025-01-04T12:00:49","date_gmt":"2025-01-04T15:00:49","guid":{"rendered":"https:\/\/partediario.com.ar\/?p=10497"},"modified":"2025-01-07T11:32:56","modified_gmt":"2025-01-07T14:32:56","slug":"internaron-al-actor-jorge-martinez-tras-un-intento-de-suicidio","status":"publish","type":"post","link":"https:\/\/partediario.com.ar\/?p=10497","title":{"rendered":"Internaron al actor Jorge Mart\u00ednez tras un intento de suicidio"},"content":{"rendered":"\n<h3 class=\"wp-block-heading\">El actor Jorge Mart\u00ednez, de 78 a\u00f1os, atraviesa un dif\u00edcil momento personal y tuvo que ser internado en las \u00faltimas horas.<\/h3>\n\n\n\n<p>Seg\u00fan informaci\u00f3n revelada en el programa de Chiche Gelblung en Radio Del Plata, el ex gal\u00e1n de telenovelas fue ingresado en el Centro Psiqui\u00e1trico Ducont de Ramos Mej\u00eda, tras intentar atentar contra su vida.<\/p>\n\n\n\n<p>El actor estaba viviendo en la Casa del Teatro, ubicada en el centro porte\u00f1o, donde compart\u00eda sus d\u00edas con otros colegas ya retirados.<\/p>\n\n\n\n<p>Seg\u00fan cont\u00f3 el periodista Fede Flowers, Mart\u00ednez ingres\u00f3 acompa\u00f1ado por un acompa\u00f1ante que ser\u00eda su hijo al centro de salud.<\/p>\n\n\n\n<p>Noticia en desarrollo\u2026<\/p>\n","protected":false},"excerpt":{"rendered":"<p>El actor Jorge Mart&iacute;nez, de 78 a&ntilde;os, atraviesa un dif&iacute;cil momento personal y tuvo que ser internado en las &uacute;ltimas horas. Seg&uacute;n informaci&oacute;n revelada en el programa de Chiche Gelblung en Radio Del Plata, el ex gal&aacute;n de telenovelas fue ingresado en el Centro Psiqui&aacute;trico Ducont de Ramos Mej&iacute;a, tras intentar atentar contra su vida. [&hellip;]<\/p>\n","protected":false},"author":2,"featured_media":10498,"comment_status":"open","ping_status":"open","sticky":false,"template":"","format":"standard","meta":{"footnotes":""},"categories":[4329,7],"tags":[1102,3548,4793,4607],"class_list":["post-10497","post","type-post","status-publish","format-standard","has-post-thumbnail","hentry","category-espectaculos","category-policiales","tag-intento","tag-internaron","tag-jorge-martinez","tag-suicidio"],"_links":{"self":[{"href":"https:\/\/partediario.com.ar\/index.php?rest_route=\/wp\/v2\/posts\/10497","targetHints":{"allow":["GET"]}}],"collection":[{"href":"https:\/\/partediario.com.ar\/index.php?rest_route=\/wp\/v2\/posts"}],"about":[{"href":"https:\/\/partediario.com.ar\/index.php?rest_route=\/wp\/v2\/types\/post"}],"author":[{"embeddable":true,"href":"https:\/\/partediario.com.ar\/index.php?rest_route=\/wp\/v2\/users\/2"}],"replies":[{"embeddable":true,"href":"https:\/\/partediario.com.ar\/index.php?rest_route=%2Fwp%2Fv2%2Fcomments&post=10497"}],"version-history":[{"count":1,"href":"https:\/\/partediario.com.ar\/index.php?rest_route=\/wp\/v2\/posts\/10497\/revisions"}],"predecessor-version":[{"id":10499,"href":"https:\/\/partediario.com.ar\/index.php?rest_route=\/wp\/v2\/posts\/10497\/revisions\/10499"}],"wp:featuredmedia":[{"embeddable":true,"href":"https:\/\/partediario.com.ar\/index.php?rest_route=\/wp\/v2\/media\/10498"}],"wp:attachment":[{"href":"https:\/\/partediario.com.ar\/index.php?rest_route=%2Fwp%2Fv2%2Fmedia&parent=10497"}],"wp:term":[{"taxonomy":"category","embeddable":true,"href":"https:\/\/partediario.com.ar\/index.php?rest_route=%2Fwp%2Fv2%2Fcategories&post=10497"},{"taxonomy":"post_tag","embeddable":true,"href":"https:\/\/partediario.com.ar\/index.php?rest_route=%2Fwp%2Fv2%2Ftags&post=10497"}],"curies":[{"name":"wp","href":"https:\/\/api.w.org\/{rel}","templated":true}]}}