{"id":10517,"date":"2025-01-05T20:16:11","date_gmt":"2025-01-05T23:16:11","guid":{"rendered":"https:\/\/partediario.com.ar\/?p=10517"},"modified":"2025-01-07T11:32:38","modified_gmt":"2025-01-07T14:32:38","slug":"grabois-sugirio-que-villarruel-deberia-renunciar-y-una-diputada-libertaria-lo-apoyo","status":"publish","type":"post","link":"https:\/\/partediario.com.ar\/?p=10517","title":{"rendered":"Grabois sugiri\u00f3 que Villarruel deber\u00eda renunciar y una diputada libertaria lo apoy\u00f3"},"content":{"rendered":"\n<h3 class=\"wp-block-heading\">En las redes sociales Grabois critic\u00f3 a la vicepresidenta por quejarse del salario que percibe y dijo que tendr\u00eda que dejar su cargo, sin embargo entre los comentarios uno llam\u00f3 la atenci\u00f3n, fue de Lilia Lemoine.<\/h3>\n\n\n\n<p>En medio de las declaraciones cruzadas que se dieron en los \u00faltimos d\u00edas sobre el salario de legisladores, Juan Grabois se meti\u00f3 en la pelea de oficialismo y critic\u00f3 a la vicepresidenta Victoria Villarruel, quien se quej\u00f3 de la remuneraci\u00f3n que recibe. El comentario tuvo eco en las filas de La Libertad Avanza y se destac\u00f3 un posteo de la diputada Lilia Lemoine, una de las principales detractoras de la titular del Senado.<\/p>\n\n\n\n<p><\/p>\n\n\n\n<blockquote class=\"twitter-tweet\"><p lang=\"es\" dir=\"ltr\">\u00a1Dej\u00e1 de llorar y renunci\u00e1 Videlina! No te quiere nadie. Algo vas a conseguir en el sector privado, y capaz que pagan tres chirolas: modelo de una f\u00e1brica de botas, abogada de genocidas. Aprovech\u00e1 que por ahora hay mercado para la apolog\u00eda del terrorismo de estado. Hasta podr\u00edas\u2026 <a href=\"https:\/\/t.co\/Lu8I5mWdud\">pic.twitter.com\/Lu8I5mWdud<\/a><\/p>&mdash; Juan Grabois (@JuanGrabois) <a href=\"https:\/\/twitter.com\/JuanGrabois\/status\/1875672889305002392?ref_src=twsrc%5Etfw\">January 4, 2025<\/a><\/blockquote> <script async src=\"https:\/\/platform.twitter.com\/widgets.js\" charset=\"utf-8\"><\/script>\n\n\n\n<p><\/p>\n\n\n\n<p>Si bien la discusi\u00f3n se sustenta en la \u201causteridad\u201d que promueve el gobierno de Javier Milei, la pol\u00e9mica escal\u00f3 este fin de semana luego de que la presidenta del Senado, reclamara que su sueldo \u201cest\u00e1 congelado hace un a\u00f1o\u201d. \u201cEn breve me pagan dos chirolas y soy vice\u201d, expres\u00f3 en un posteo en el que anunci\u00f3 hace dos d\u00edas que firm\u00f3 un decreto para congelar las dietas de los senadores hasta el 31 de marzo y en respuesta a las objeciones que recibi\u00f3 por la diferencia que hay con el dinero mensual que perciben los trabajadores registrados.<\/p>\n\n\n\n<p>Las idas y vueltas derivaron en la intervenci\u00f3n de otros actores de la pol\u00edtica ajenos a las filas libertarias y una de ellas lleg\u00f3 de parte del referente del Movimiento de Trabajadores Excluidos (MTE), Juan Grabois quien le pidi\u00f3 a la compa\u00f1era de f\u00f3rmula de Milei que no se victimice y renuncie a su cargo.<\/p>\n\n\n\n<p>\u201c\u00a1Dej\u00e1 de llorar y renunci\u00e1 Videlina! No te quiere nadie. Algo vas a conseguir en el sector privado, y capaz que pagan tres chirolas: modelo de una f\u00e1brica de botas, abogada de genocidas. Aprovech\u00e1 que por ahora hay mercado para la apolog\u00eda del terrorismo de estado. Hasta podr\u00edas hacer algo \u00fatil como panelista de los chimentos que escuchaste antes que te echen de la secta terraplanista de Milei\u201d, expres\u00f3 en su cuenta de X. La publicaci\u00f3n lleg\u00f3 a ojos de Lemoine, que pr\u00e1cticamente aval\u00f3 los dichos de Grabois pese a la distancia ideol\u00f3gica que los separa. \u201cNo me obligues a darte like\u201d, dijo en alusi\u00f3n a los dichos del dirigente social.<\/p>\n\n\n\n<p>Luego, en otro posteo, la legisladora comparti\u00f3 una captura de pantalla sobre sus \u201c\u00faltimos dep\u00f3sitos de haberes\u201d para contrastar con los dichos de Villarruel y afirm\u00f3 que ella y el presidente de la c\u00e1mara de Diputados, Mart\u00edn Menem, cobran lo mismo. \u201cMart\u00edn es un empresario exitoso y sortea su dieta. No puedo creer que la vice se queje por ganar lo mismo que Menem o (Manuel) Adorni. Que verg\u00fcenza\u201d, a\u00f1adi\u00f3 en referencia a que la vice asegur\u00f3 que \u201chasta un vocero\u201d gana m\u00e1s que ella.<\/p>\n\n\n\n<p><\/p>\n\n\n\n<blockquote class=\"twitter-tweet\"><p lang=\"es\" dir=\"ltr\">Ah\u00ed est\u00e1n algunos de mis \u00faltimos dep\u00f3sitos de haberes&#8230; <br>Mart\u00edn y yo cobramos lo mismo.<br>Mart\u00edn es un empresario exitoso y SORTEA SU DIETA!<br>No puedo creer que la vice se queje por ganar lo mismo que Menem o Adorni.<br>Que verg\u00fcenza&#8230; <a href=\"https:\/\/t.co\/c21sh2nrs2\">pic.twitter.com\/c21sh2nrs2<\/a><\/p>&mdash; Lilia Lemoine \ud83c\udf4b (@lilialemoine) <a href=\"https:\/\/twitter.com\/lilialemoine\/status\/1875708263452569754?ref_src=twsrc%5Etfw\">January 5, 2025<\/a><\/blockquote> <script async src=\"https:\/\/platform.twitter.com\/widgets.js\" charset=\"utf-8\"><\/script>\n\n\n\n<p><\/p>\n\n\n\n<p>Este viernes, durante una entrevista televisiva, Lemoine hab\u00eda vuelto a cuestionar a Villarruel. Entre varias cosas, la tild\u00f3 de \u201csanguijuela\u201d por \u201cchupar la popularidad de otros\u201d, record\u00f3 el episodio en el que llam\u00f3 \u201cjamoncito\u201d a Milei y consider\u00f3 que la vicepresidenta tiene \u201cla fantas\u00eda\u201d de que La Libertad Avanza (LLA) gan\u00f3 las elecciones presidenciales de 2023 gracias a ella\u201d.<\/p>\n\n\n\n<p>\u201cLa que nos sum\u00f3 votos fue Patricia Bullrich. Los votantes de Victoria Villarruel no existen, es un call center en Twitter. Simpatizaban con ella por Milei. Es una garrapata, una sanguijuela. Chupa la popularidad del otro\u201d, apunt\u00f3.<\/p>\n","protected":false},"excerpt":{"rendered":"<p>En las redes sociales Grabois critic&oacute; a la vicepresidenta por quejarse del salario que percibe y dijo que tendr&iacute;a que dejar su cargo, sin embargo entre los comentarios uno llam&oacute; la atenci&oacute;n, fue de Lilia Lemoine. En medio de las declaraciones cruzadas que se dieron en los &uacute;ltimos d&iacute;as sobre el salario de legisladores, Juan [&hellip;]<\/p>\n","protected":false},"author":2,"featured_media":10518,"comment_status":"open","ping_status":"open","sticky":false,"template":"","format":"standard","meta":{"footnotes":""},"categories":[5,176],"tags":[395,2588,233],"class_list":["post-10517","post","type-post","status-publish","format-standard","has-post-thumbnail","hentry","category-nacionales","category-politica","tag-juan-grabois","tag-lilia-lemoine","tag-victoria-villarruel"],"_links":{"self":[{"href":"https:\/\/partediario.com.ar\/index.php?rest_route=\/wp\/v2\/posts\/10517","targetHints":{"allow":["GET"]}}],"collection":[{"href":"https:\/\/partediario.com.ar\/index.php?rest_route=\/wp\/v2\/posts"}],"about":[{"href":"https:\/\/partediario.com.ar\/index.php?rest_route=\/wp\/v2\/types\/post"}],"author":[{"embeddable":true,"href":"https:\/\/partediario.com.ar\/index.php?rest_route=\/wp\/v2\/users\/2"}],"replies":[{"embeddable":true,"href":"https:\/\/partediario.com.ar\/index.php?rest_route=%2Fwp%2Fv2%2Fcomments&post=10517"}],"version-history":[{"count":1,"href":"https:\/\/partediario.com.ar\/index.php?rest_route=\/wp\/v2\/posts\/10517\/revisions"}],"predecessor-version":[{"id":10519,"href":"https:\/\/partediario.com.ar\/index.php?rest_route=\/wp\/v2\/posts\/10517\/revisions\/10519"}],"wp:featuredmedia":[{"embeddable":true,"href":"https:\/\/partediario.com.ar\/index.php?rest_route=\/wp\/v2\/media\/10518"}],"wp:attachment":[{"href":"https:\/\/partediario.com.ar\/index.php?rest_route=%2Fwp%2Fv2%2Fmedia&parent=10517"}],"wp:term":[{"taxonomy":"category","embeddable":true,"href":"https:\/\/partediario.com.ar\/index.php?rest_route=%2Fwp%2Fv2%2Fcategories&post=10517"},{"taxonomy":"post_tag","embeddable":true,"href":"https:\/\/partediario.com.ar\/index.php?rest_route=%2Fwp%2Fv2%2Ftags&post=10517"}],"curies":[{"name":"wp","href":"https:\/\/api.w.org\/{rel}","templated":true}]}}