{"id":10520,"date":"2025-01-05T20:30:05","date_gmt":"2025-01-05T23:30:05","guid":{"rendered":"https:\/\/partediario.com.ar\/?p=10520"},"modified":"2025-01-07T11:32:34","modified_gmt":"2025-01-07T14:32:34","slug":"bullrich-cuestiono-duramente-a-villarruel-luego-del-cruce-con-milei-por-su-sueldo","status":"publish","type":"post","link":"https:\/\/partediario.com.ar\/?p=10520","title":{"rendered":"Bullrich cuestion\u00f3 duramente a Villarruel luego del cruce con Milei por su sueldo"},"content":{"rendered":"\n<h3 class=\"wp-block-heading\">Despu\u00e9s que el presidente Javier Milei saliera el cruce de su vice, Victoria Villarruel, por las quejas que hizo por su sueldo, la ministra de Seguridad, Patricia Bullrich, se sum\u00f3 a la cr\u00edtica contra la vicepresidenta, quien dijo cobrar \u201cdos chirolas\u201d.<\/h3>\n\n\n\n<p>\u201cMilei es el Presidente, Villarruel, como vicepresidenta tiene que ir al Gabinete y llevar adelante las pol\u00edticas del Gobierno en un lugar complicado para nosotros. Necesit\u00e1bamos que empuje en el Senado para sacar las leyes que el pa\u00eds necesita. Que Milei haya perdido la posibilidad de tener una vicepresidenta que est\u00e9 ordenada y que se discipline en decisiones estrat\u00e9gicas de Gobierno hace que hayamos perdido un recurso importante\u201d, se\u00f1al\u00f3 Patricia Bullrich.<\/p>\n\n\n\n<p>\u201cEsto es una pelea pol\u00edtica\u201d, consider\u00f3 este domingo en declaraciones radiales. Y se\u00f1alo: \u201cSi la vicepresidenta dice \u2018voy a congelar los sueldos a los Senadores\u2019 y a los 10 minutos dice \u2018gano chirolas\u2019, no lo est\u00e1 haciendo por convicci\u00f3n. Todos vivimos con el sueldo del Estado y somos los primeros que tenemos que dar el ejemplo, compartiendo el fondo de la decisi\u00f3n del Gobierno, que es la austeridad total de sus empleados como ejemplo\u201d, apunt\u00f3 la ministra.<\/p>\n\n\n\n<p>Asimismo, destac\u00f3 la importancia de dar el ejemplo de que no son \u201cun sector privilegiado\u201d y acus\u00f3 a la vice de querer tener \u201cuna agenda distinta a la del Presidente\u201d. \u201cNo es un problema de Milei. El Presidente dijo muy claro hacia donde iba. El que no se adapta se va\u201d, destac\u00f3. Sin embargo, ante la consulta sobre si Villarruel deber\u00eda efectivamente abandonar su cargo, contest\u00f3 que \u201cno\u201d, porque \u201cella ha sido electa\u201d.<\/p>\n\n\n\n<p>\u201cLos argentinos de trabajo se dan cuenta de esta importancia y apoyan fuertemente al cambio que se lleva adelante. Los que vivieron del Estado o fueron c\u00f3mplices de ese modelo son los que \u2018m\u00e1s la padecieron\u2019; estaban viviendo como una sanguijuela a costa de otros argentinos\u201d, indic\u00f3 y acot\u00f3: \u201cEste cambio filos\u00f3fico es tan profundo que ahora lo que va a venir va a ser todo mejor. Todav\u00eda falta, pero si uno piensa en todo lo que se hizo\u2026 La desburocratizaci\u00f3n, la baja de la inflaci\u00f3n, de la pobreza en tiempo r\u00e9cord, todo fue positivo. En una reorganizaci\u00f3n de la sociedad\u201d.<\/p>\n\n\n\n<p>Y afirm\u00f3 que la Argentina que exist\u00eda anteriormente \u201cno serv\u00eda m\u00e1s hace tiempo\u201d y que se apost\u00f3 a un \u201ccambio profundo\u201d que se sab\u00eda que \u201cIba a doler\u201d. \u201cHoy los argentinos est\u00e1n contentos, pasando un nuevo a\u00f1o felices y convencidos de que en este rumbo de la Argentina la econom\u00eda est\u00e1 estable\u201d, expres\u00f3 la ministra.<\/p>\n\n\n\n<p>Y a\u00f1adi\u00f3: \u201cEs la primera vez que se va al hueso de lo que la Argentina necesita cambiar. Hay un reacomodamiento r\u00e1pido a esta realidad, aunque cuesta. Hay muchos lugares en donde el cambio llega tarde; las cosas se hacen y los actores que antes resist\u00edan esos cambios ahora lo aceptan. Hay una necesidad de entender que todos se tienen que reacomodar a una Argentina que ya no puede ser as\u00ed\u201d.<\/p>\n\n\n\n<p>Finalmente, Bullrich hizo referencia a las gestiones del Gobierno para recuperar a Nahuel Gallo, el gendarme argentino que fue detenido en Venezuela hace pocas semanas y del cual no se ten\u00edan novedades hasta hace dos d\u00edas, cuando el gobierno venezolano comparti\u00f3 un video en el que se lo puede ver detenido y haciendo una caminata. \u201cNo tenemos ning\u00fan di\u00e1logo por debajo de la mesa\u201d, manifest\u00f3 acerca de cu\u00e1les eran las novedades en el caso y agreg\u00f1o: \u201cHasta ahora los mecanismos en los que lo mostraron son no de una justicia: no se muestra por un video a un preso caminando y dando una muestra de vida. Lo tomaron de reh\u00e9n y sigue siendo reh\u00e9n para nosotros. Muestran metodolog\u00edas que no son de democracias, son de dictaduras. El \u00fanico objetivo es que lo metan a Nahuel en un avi\u00f3n y lo traigan de vuelta a la Argentina\u201d, cerr\u00f3.<\/p>\n","protected":false},"excerpt":{"rendered":"<p>Despu&eacute;s que el presidente Javier Milei saliera el cruce de su vice, Victoria Villarruel, por las quejas que hizo por su sueldo, la ministra de Seguridad, Patricia Bullrich, se sum&oacute; a la cr&iacute;tica contra la vicepresidenta, quien dijo cobrar &ldquo;dos chirolas&rdquo;. &ldquo;Milei es el Presidente, Villarruel, como vicepresidenta tiene que ir al Gabinete y llevar [&hellip;]<\/p>\n","protected":false},"author":2,"featured_media":10521,"comment_status":"open","ping_status":"open","sticky":false,"template":"","format":"standard","meta":{"footnotes":""},"categories":[5,176],"tags":[232,510,233],"class_list":["post-10520","post","type-post","status-publish","format-standard","has-post-thumbnail","hentry","category-nacionales","category-politica","tag-javier-milei","tag-patricia-bullrich","tag-victoria-villarruel"],"_links":{"self":[{"href":"https:\/\/partediario.com.ar\/index.php?rest_route=\/wp\/v2\/posts\/10520","targetHints":{"allow":["GET"]}}],"collection":[{"href":"https:\/\/partediario.com.ar\/index.php?rest_route=\/wp\/v2\/posts"}],"about":[{"href":"https:\/\/partediario.com.ar\/index.php?rest_route=\/wp\/v2\/types\/post"}],"author":[{"embeddable":true,"href":"https:\/\/partediario.com.ar\/index.php?rest_route=\/wp\/v2\/users\/2"}],"replies":[{"embeddable":true,"href":"https:\/\/partediario.com.ar\/index.php?rest_route=%2Fwp%2Fv2%2Fcomments&post=10520"}],"version-history":[{"count":1,"href":"https:\/\/partediario.com.ar\/index.php?rest_route=\/wp\/v2\/posts\/10520\/revisions"}],"predecessor-version":[{"id":10522,"href":"https:\/\/partediario.com.ar\/index.php?rest_route=\/wp\/v2\/posts\/10520\/revisions\/10522"}],"wp:featuredmedia":[{"embeddable":true,"href":"https:\/\/partediario.com.ar\/index.php?rest_route=\/wp\/v2\/media\/10521"}],"wp:attachment":[{"href":"https:\/\/partediario.com.ar\/index.php?rest_route=%2Fwp%2Fv2%2Fmedia&parent=10520"}],"wp:term":[{"taxonomy":"category","embeddable":true,"href":"https:\/\/partediario.com.ar\/index.php?rest_route=%2Fwp%2Fv2%2Fcategories&post=10520"},{"taxonomy":"post_tag","embeddable":true,"href":"https:\/\/partediario.com.ar\/index.php?rest_route=%2Fwp%2Fv2%2Ftags&post=10520"}],"curies":[{"name":"wp","href":"https:\/\/api.w.org\/{rel}","templated":true}]}}