{"id":10529,"date":"2025-01-06T14:49:04","date_gmt":"2025-01-06T17:49:04","guid":{"rendered":"https:\/\/partediario.com.ar\/?p=10529"},"modified":"2025-01-07T11:32:22","modified_gmt":"2025-01-07T14:32:22","slug":"declararon-brote-de-gastroenterocolitis-en-las-playas-de-brasil","status":"publish","type":"post","link":"https:\/\/partediario.com.ar\/?p=10529","title":{"rendered":"Declararon brote de gastroenterocolitis en las playas de Brasil"},"content":{"rendered":"\n<h3 class=\"wp-block-heading\">Las autoridades de Brasil decretaron brote de gastroenterocolitis en las playas del sur y hay preocupaci\u00f3n por el incremento de casos en las \u00faltimas semanas. Aun no se pudo detectar si los pacientes tuvieron contacto con aguas contaminadas o por el consumo de alimentos elaborados sin los procedimientos adecuados.<\/h3>\n\n\n\n<p>Los casos se registraron en Guaruj\u00e1, Playa Grande, Florian\u00f3polis e Itaj\u00ed y, ante la permanente asistencia de turistas y locales, se incrementaron las tareas en los hospitales.<\/p>\n\n\n\n<p>\u201cEn este momento, consideramos utilizar el t\u00e9rmino brote para definir la situaci\u00f3n en Guaruj\u00e1, ya que tenemos informaci\u00f3n sobre el volumen de personas\u201d, indic\u00f3 Alessandra Lucchesi, directora t\u00e9cnica de la Divisi\u00f3n de Enfermedades Transmitidas por Agua y Alimentos de la Secretar\u00eda de Salud de Brasil.<\/p>\n\n\n\n<p>En las \u00faltimas semanas de 2024 y en el comienzo de 2025, donde muchos turistas, sobre todo argentinos, arribaron a Brasil, se incrementaron los casos de personas con s\u00edntomas como n\u00e1useas, v\u00f3mitos, dolor abdominal, diarrea, mareo y debilidad general.<\/p>\n\n\n\n<p>Ante el complicado escenario presentado, los hospitales y las farmacias de dichas ciudades se vieron colapsados y esto provoc\u00f3 que las autoridades tomen la dr\u00e1stica decisi\u00f3n de denominar a la enfermedad como brote.<\/p>\n\n\n\n<p>La gastroenteritis es una inflamaci\u00f3n del est\u00f3mago y los intestinos que puede causar diarrea, n\u00e1useas, v\u00f3mitos y dolor abdominal.<\/p>\n\n\n\n<p>Cabe se\u00f1alar que las causas son por el consumo de alimentos no cuidados o el contacto con agua contaminadas.<\/p>\n\n\n\n<p>Como prevenci\u00f3n, las autoridades destacan la necesidad de lavarse las manos, enjuagar bien las frutas y verduras, cocinar los alimentos, usar agua potable y evitar que los ni\u00f1os ingieran agua de piletas, lagunas, r\u00edos o mar.<\/p>\n","protected":false},"excerpt":{"rendered":"<p>Las autoridades de Brasil decretaron brote de gastroenterocolitis en las playas del sur y hay preocupaci&oacute;n por el incremento de casos en las &uacute;ltimas semanas. Aun no se pudo detectar si los pacientes tuvieron contacto con aguas contaminadas o por el consumo de alimentos elaborados sin los procedimientos adecuados. Los casos se registraron en Guaruj&aacute;, [&hellip;]<\/p>\n","protected":false},"author":2,"featured_media":10530,"comment_status":"open","ping_status":"open","sticky":false,"template":"","format":"standard","meta":{"footnotes":""},"categories":[9,726],"tags":[563,4814,4818,4815,4819,4817,4813],"class_list":["post-10529","post","type-post","status-publish","format-standard","has-post-thumbnail","hentry","category-internacionales","category-sociedad","tag-brasil","tag-brote","tag-florianopolis","tag-gastroenteritis","tag-itaji","tag-playa-grande","tag-playas"],"_links":{"self":[{"href":"https:\/\/partediario.com.ar\/index.php?rest_route=\/wp\/v2\/posts\/10529","targetHints":{"allow":["GET"]}}],"collection":[{"href":"https:\/\/partediario.com.ar\/index.php?rest_route=\/wp\/v2\/posts"}],"about":[{"href":"https:\/\/partediario.com.ar\/index.php?rest_route=\/wp\/v2\/types\/post"}],"author":[{"embeddable":true,"href":"https:\/\/partediario.com.ar\/index.php?rest_route=\/wp\/v2\/users\/2"}],"replies":[{"embeddable":true,"href":"https:\/\/partediario.com.ar\/index.php?rest_route=%2Fwp%2Fv2%2Fcomments&post=10529"}],"version-history":[{"count":1,"href":"https:\/\/partediario.com.ar\/index.php?rest_route=\/wp\/v2\/posts\/10529\/revisions"}],"predecessor-version":[{"id":10531,"href":"https:\/\/partediario.com.ar\/index.php?rest_route=\/wp\/v2\/posts\/10529\/revisions\/10531"}],"wp:featuredmedia":[{"embeddable":true,"href":"https:\/\/partediario.com.ar\/index.php?rest_route=\/wp\/v2\/media\/10530"}],"wp:attachment":[{"href":"https:\/\/partediario.com.ar\/index.php?rest_route=%2Fwp%2Fv2%2Fmedia&parent=10529"}],"wp:term":[{"taxonomy":"category","embeddable":true,"href":"https:\/\/partediario.com.ar\/index.php?rest_route=%2Fwp%2Fv2%2Fcategories&post=10529"},{"taxonomy":"post_tag","embeddable":true,"href":"https:\/\/partediario.com.ar\/index.php?rest_route=%2Fwp%2Fv2%2Ftags&post=10529"}],"curies":[{"name":"wp","href":"https:\/\/api.w.org\/{rel}","templated":true}]}}