{"id":10542,"date":"2025-01-06T15:07:34","date_gmt":"2025-01-06T18:07:34","guid":{"rendered":"https:\/\/partediario.com.ar\/?p=10542"},"modified":"2025-01-07T11:31:55","modified_gmt":"2025-01-07T14:31:55","slug":"rechazaron-habilitar-la-feria-para-tratar-el-pedido-de-edgardo-kueider-para-retornar-a-su-banca-en-el-senado","status":"publish","type":"post","link":"https:\/\/partediario.com.ar\/?p=10542","title":{"rendered":"Rechazaron habilitar la feria para tratar el pedido de Edgardo Kueider para retornar a su banca en el Senado"},"content":{"rendered":"\n<h3 class=\"wp-block-heading\">La C\u00e1mara Federal rechaz\u00f3 el pedido del ex senador Edgardo Kueider para habilitar la feria judicial y tratar el amparo que present\u00f3 para que sea impugnada la sesi\u00f3n en la que se lo expuls\u00f3 de la C\u00e1mara alta.<\/h3>\n\n\n\n<p>De este modo, el ex legislador deber\u00e1 esperar hasta febrero pr\u00f3ximo para que la Justicia tome su caso.<\/p>\n\n\n\n<p>NOTICIA EN DESARROLLO\u2026<\/p>\n","protected":false},"excerpt":{"rendered":"<p>La C&aacute;mara Federal rechaz&oacute; el pedido del ex senador Edgardo Kueider para habilitar la feria judicial y tratar el amparo que present&oacute; para que sea impugnada la sesi&oacute;n en la que se lo expuls&oacute; de la C&aacute;mara alta. De este modo, el ex legislador deber&aacute; esperar hasta febrero pr&oacute;ximo para que la Justicia tome su [&hellip;]<\/p>\n","protected":false},"author":2,"featured_media":10543,"comment_status":"open","ping_status":"open","sticky":false,"template":"","format":"standard","meta":{"footnotes":""},"categories":[979,5,176],"tags":[4042,280,4833,690],"class_list":["post-10542","post","type-post","status-publish","format-standard","has-post-thumbnail","hentry","category-judiciales","category-nacionales","category-politica","tag-apertura","tag-edgardo-kueider","tag-feria-judicial","tag-rechazo"],"_links":{"self":[{"href":"https:\/\/partediario.com.ar\/index.php?rest_route=\/wp\/v2\/posts\/10542","targetHints":{"allow":["GET"]}}],"collection":[{"href":"https:\/\/partediario.com.ar\/index.php?rest_route=\/wp\/v2\/posts"}],"about":[{"href":"https:\/\/partediario.com.ar\/index.php?rest_route=\/wp\/v2\/types\/post"}],"author":[{"embeddable":true,"href":"https:\/\/partediario.com.ar\/index.php?rest_route=\/wp\/v2\/users\/2"}],"replies":[{"embeddable":true,"href":"https:\/\/partediario.com.ar\/index.php?rest_route=%2Fwp%2Fv2%2Fcomments&post=10542"}],"version-history":[{"count":1,"href":"https:\/\/partediario.com.ar\/index.php?rest_route=\/wp\/v2\/posts\/10542\/revisions"}],"predecessor-version":[{"id":10544,"href":"https:\/\/partediario.com.ar\/index.php?rest_route=\/wp\/v2\/posts\/10542\/revisions\/10544"}],"wp:featuredmedia":[{"embeddable":true,"href":"https:\/\/partediario.com.ar\/index.php?rest_route=\/wp\/v2\/media\/10543"}],"wp:attachment":[{"href":"https:\/\/partediario.com.ar\/index.php?rest_route=%2Fwp%2Fv2%2Fmedia&parent=10542"}],"wp:term":[{"taxonomy":"category","embeddable":true,"href":"https:\/\/partediario.com.ar\/index.php?rest_route=%2Fwp%2Fv2%2Fcategories&post=10542"},{"taxonomy":"post_tag","embeddable":true,"href":"https:\/\/partediario.com.ar\/index.php?rest_route=%2Fwp%2Fv2%2Ftags&post=10542"}],"curies":[{"name":"wp","href":"https:\/\/api.w.org\/{rel}","templated":true}]}}