{"id":10552,"date":"2025-01-06T15:22:54","date_gmt":"2025-01-06T18:22:54","guid":{"rendered":"https:\/\/partediario.com.ar\/?p=10552"},"modified":"2025-01-06T15:22:55","modified_gmt":"2025-01-06T18:22:55","slug":"trudeau-anuncio-la-renuncia-como-lider-del-partido-liberal-y-dejara-de-ser-primer-ministro-de-canada","status":"publish","type":"post","link":"https:\/\/partediario.com.ar\/?p=10552","title":{"rendered":"Trudeau anunci\u00f3 la renuncia como l\u00edder del Partido Liberal y dejar\u00e1 de ser primer ministro de Canad\u00e1"},"content":{"rendered":"\n<h3 class=\"wp-block-heading\">El primer ministro de Canad\u00e1, Justin Trudeau, anunci\u00f3 su renuncia como l\u00edder del Partido Liberal, luego de enfrentar una fuerte insatisfacci\u00f3n sobre su liderazgo y una crisis interna que se profundiz\u00f3 con la sorpresiva dimisi\u00f3n de su ministra de Finanzas.<\/h3>\n\n\n\n<p>En su discurso de despedida, Trudeau manifest\u00f3 que su decisi\u00f3n est\u00e1 motivada por el inter\u00e9s superior del pa\u00eds y del Partido Liberal: \u201cNo me rindo f\u00e1cilmente ante una pelea, pero los intereses de los canadienses y el bienestar de la democracia son mi prioridad\u201d, destac\u00f3.<\/p>\n\n\n\n<p>La dimisi\u00f3n se da en un contexto de fuertes tensiones dentro de su partido, que han debilitado su liderazgo y allanado el camino para una pr\u00f3xima contienda electoral. De acuerdo a fuentes cercanas al gobierno, el Parlamento, que deb\u00eda reanudar sus actividades el 27 de enero, permanecer\u00e1 suspendido hasta el 24 de marzo, facilitando as\u00ed el proceso de selecci\u00f3n de un nuevo l\u00edder\u200b.<\/p>\n\n\n\n<p>Trudeau, quien arrib\u00f3 al poder en 2015 tras una d\u00e9cada de gobierno conservador, fue inicialmente aclamado por restaurar el esp\u00edritu liberal en Canad\u00e1. Sin embargo, su popularidad disminuy\u00f3 considerablemente en los \u00faltimos a\u00f1os debido a factores como el aumento del costo de vida, el acceso limitado a la vivienda y el manejo de la inmigraci\u00f3n\u200b.<\/p>\n\n\n\n<p>Los partidos de la oposici\u00f3n ya han anticipado que presentar\u00e1n una moci\u00f3n de censura cuando se reanuden las actividades parlamentarias, lo que podr\u00eda derivar en elecciones anticipadas en la primavera\u200b.<\/p>\n\n\n\n<p>En su mensaje final, Trudeau subray\u00f3 la importancia del Partido Liberal para la historia y la democracia canadiense, y expres\u00f3 su esperanza en que su sucesor pueda llevar los valores del partido a una pr\u00f3xima elecci\u00f3n general.<\/p>\n","protected":false},"excerpt":{"rendered":"<p>El primer ministro de Canad&aacute;, Justin Trudeau, anunci&oacute; su renuncia como l&iacute;der del Partido Liberal, luego de enfrentar una fuerte insatisfacci&oacute;n sobre su liderazgo y una crisis interna que se profundiz&oacute; con la sorpresiva dimisi&oacute;n de su ministra de Finanzas. En su discurso de despedida, Trudeau manifest&oacute; que su decisi&oacute;n est&aacute; motivada por el inter&eacute;s [&hellip;]<\/p>\n","protected":false},"author":2,"featured_media":10553,"comment_status":"open","ping_status":"open","sticky":false,"template":"","format":"standard","meta":{"footnotes":""},"categories":[9,176],"tags":[677,4843,4844,1682],"class_list":["post-10552","post","type-post","status-publish","format-standard","has-post-thumbnail","hentry","category-internacionales","category-politica","tag-canada-2","tag-justin-trudeau","tag-partido-liberal","tag-renuncio"],"_links":{"self":[{"href":"https:\/\/partediario.com.ar\/index.php?rest_route=\/wp\/v2\/posts\/10552","targetHints":{"allow":["GET"]}}],"collection":[{"href":"https:\/\/partediario.com.ar\/index.php?rest_route=\/wp\/v2\/posts"}],"about":[{"href":"https:\/\/partediario.com.ar\/index.php?rest_route=\/wp\/v2\/types\/post"}],"author":[{"embeddable":true,"href":"https:\/\/partediario.com.ar\/index.php?rest_route=\/wp\/v2\/users\/2"}],"replies":[{"embeddable":true,"href":"https:\/\/partediario.com.ar\/index.php?rest_route=%2Fwp%2Fv2%2Fcomments&post=10552"}],"version-history":[{"count":1,"href":"https:\/\/partediario.com.ar\/index.php?rest_route=\/wp\/v2\/posts\/10552\/revisions"}],"predecessor-version":[{"id":10554,"href":"https:\/\/partediario.com.ar\/index.php?rest_route=\/wp\/v2\/posts\/10552\/revisions\/10554"}],"wp:featuredmedia":[{"embeddable":true,"href":"https:\/\/partediario.com.ar\/index.php?rest_route=\/wp\/v2\/media\/10553"}],"wp:attachment":[{"href":"https:\/\/partediario.com.ar\/index.php?rest_route=%2Fwp%2Fv2%2Fmedia&parent=10552"}],"wp:term":[{"taxonomy":"category","embeddable":true,"href":"https:\/\/partediario.com.ar\/index.php?rest_route=%2Fwp%2Fv2%2Fcategories&post=10552"},{"taxonomy":"post_tag","embeddable":true,"href":"https:\/\/partediario.com.ar\/index.php?rest_route=%2Fwp%2Fv2%2Ftags&post=10552"}],"curies":[{"name":"wp","href":"https:\/\/api.w.org\/{rel}","templated":true}]}}