{"id":10561,"date":"2025-01-06T18:24:59","date_gmt":"2025-01-06T21:24:59","guid":{"rendered":"https:\/\/partediario.com.ar\/?p=10561"},"modified":"2025-01-10T11:01:22","modified_gmt":"2025-01-10T14:01:22","slug":"denuncian-a-dos-militares-israelies-sospechosos-de-crimenes-de-guerra-en-gaza-que-estuvieron-de-vacaciones-en-argentina-brasil-y-chile","status":"publish","type":"post","link":"https:\/\/partediario.com.ar\/?p=10561","title":{"rendered":"Denuncian a dos militares israel\u00edes sospechosos de cr\u00edmenes de guerra en Gaza que estuvieron de vacaciones en Argentina, Brasil y Chile"},"content":{"rendered":"\n<h3 class=\"wp-block-heading\">Organizaciones civiles exigieron a la Justicia investigue cuando los acusados vinieron a pasar su vacaciones a estos pa\u00edses.<\/h3>\n\n\n\n<p>Un grupo de 620 abogados chilenos que hab\u00edan denunciado ante la Corte Penal Internacional al primer ministro israel\u00ed, Benjamin Netanyahu, y su entonces ministro de Defensa, Yoav Gallant, por cr\u00edmenes cometidos en la Franja de Gaza, solicit\u00f3 a la Justicia chilena que investigue al militar israel\u00ed Saar Hirshoren, inform\u00f3 Radio Universidad de Chile. De acuerdo a los abogados, que presentaron su denuncia en una fiscal\u00eda de la Regi\u00f3n Metropolitana, Hirshoren fue visto en el sur de Chile.<\/p>\n\n\n\n<p>\u201cEstamos denunciando a un oficial del Comando de Ingenieros 749 del ej\u00e9rcito israel\u00ed, que de acuerdo a los testimonios que hemos recabado, al testimonio de una de las v\u00edctimas y familiares de las v\u00edctimas que viven el sector de Zeit\u00fan, en la Franja de Gaza, cometieron graves cr\u00edmenes de guerra antes de venir a la Patagonia chilena\u201d, se\u00f1al\u00f3 el exembajador de Chile en Ecuador, Nelson Hadad, que integra el grupo de abogados.<\/p>\n\n\n\n<p>\u201cEstos son reservistas que tienen un per\u00edodo de descanso y han venido a Chile de vacaciones \u2013tambi\u00e9n pasaron a Argentina\u2013, despu\u00e9s de haber masacrado\u201d, expres\u00f3 Hadad.<\/p>\n\n\n\n<p>En Argentina, la fundaci\u00f3n Hind Rajab denunci\u00f3 a Hirshoren ante el fiscal Carlos R\u00edvolo y el juez Daniel Rafecas por \u201ccr\u00edmenes de guerra cometidos en Gaza\u201d. El batall\u00f3n que integr\u00f3 ese militar fue tambi\u00e9n denunciado por esa fundaci\u00f3n ante la Corte Penal Internacional \u201cpor cr\u00edmenes contra la humanidad y genocidio\u201d.<\/p>\n\n\n\n<p>Una de las pruebas presentadas en los dos pa\u00edses es un video de la cuenta de Instagram de Hirshoren en la que se muestra a s\u00ed mismo participando en la destrucci\u00f3n de infraestructura civil en Gaza y publicaciones en las que se jacta de esos hechos. Los denunciantes en Argentina argumentaron que particip\u00f3 en \u201cla demolici\u00f3n deliberada de barrios, lugares culturales e instalaciones esenciales, violando los Convenios de Ginebra y el Estatuto de Roma\u201d. Destacan que Argentina, como pa\u00eds signatario de ese estatuto, \u201cest\u00e1 obligada a investigar y procesar a las personas acusadas de delitos tan graves\u201d.<\/p>\n\n\n\n<p>En Chile, Hadad se\u00f1al\u00f3 que la denuncia busca \u201cimpedir la impunidad\u201d del militar y \u201chacer prevalecer la Justicia Penal Internacional, independientemente de la nacionalidad del autor\u201d. Agreg\u00f3 que por \u201cestar en territorio chileno se aplica el principio de la territorialidad de la justicia internacional, buscando por sobre todo la sanci\u00f3n de los responsables\u201d.<\/p>\n\n\n\n<p>Otro de los integrantes del grupo de abogados es Francisco Chahu\u00e1n, un senador del partido derechista Renovaci\u00f3n Nacional que integra la Comisi\u00f3n de Relaciones Exteriores de la C\u00e1mara Alta. \u201cEl principio de extraterritorialidad est\u00e1 fundado en la Ley 20.357, que, adem\u00e1s, con la ratificaci\u00f3n que hicimos del Estatuto de Roma, le da competencia a los tribunales chilenos para perseguir este tipo de cr\u00edmenes\u201d, manifest\u00f3 Chahu\u00e1n.<\/p>\n\n\n\n<p>El grupo de abogados acusa a Hirshoren de \u201cdemoler deliberadamente barrios, sitios culturales e instalaciones esenciales en Gaza con actos inhumanos, crueles, degradantes y abominables, provocando la limpieza \u00e9tnica y el desplazamiento forzado de personas\u201d, asegur\u00f3.<\/p>\n\n\n\n<p>Para Hadad, el caso \u201ctiene un car\u00e1cter de urgencia suma\u201d y no se puede \u201caceptar que despu\u00e9s de haber masacrado a cientos de miles de palestinos, en su mayor\u00eda ni\u00f1os y mujeres, [Hirshoren] se pueda permitir venir a tomar vacaciones a la Patagonia chilena\u201d, seg\u00fan cit\u00f3 la agencia Efe.<\/p>\n\n\n\n<p>Adem\u00e1s en Brasil, la fundaci\u00f3n Hind Rajab present\u00f3 una denuncia contra un militar israel\u00ed que estaba de visita en el pa\u00eds. La organizaci\u00f3n toma su nombre del de una ni\u00f1a palestina de seis a\u00f1os que el 29 de enero muri\u00f3 cuando hu\u00eda junto a sus t\u00edos del barrio de Tel al-Hawa, en la ciudad de Gaza. De acuerdo a las autoridades palestinas, la ni\u00f1a, que hab\u00eda llamado a la Media Luna Roja para pedir que la rescataran, fue asesinada en forma deliberada por soldados israel\u00edes.<\/p>\n\n\n\n<p>En su denuncia contra el militar israel\u00ed en Brasil, la fundaci\u00f3n incluy\u00f3 datos de geolocalizaci\u00f3n y fotograf\u00edas que lo muestran colocando explosivos en barrios de la Franja de Gaza que fueron destruidos.<\/p>\n\n\n\n<p>Un tribunal dio la orden de investigar al militar \u2013cuyo nombre no fue difundido\u2013 como sospechoso de genocidio y cr\u00edmenes contra la humanidad. La fundaci\u00f3n calific\u00f3 esta orden como un \u201checho legal hist\u00f3rico\u201d y \u201cun paso crucial para la rendici\u00f3n de cuentas por los cr\u00edmenes cometidos en Gaza\u201d, seg\u00fan el portal 20 Minutos. \u201cEste individuo ha contribuido a la destrucci\u00f3n de casas y sus propias declaraciones y comportamiento se alinean claramente con los objetivos genocidas en Gaza\u201d, se\u00f1al\u00f3 en un comunicado Maira Pinheiro, abogada jefa de la fundaci\u00f3n denunciante.<\/p>\n\n\n\n<p>Al parecer el militar indagado abandon\u00f3 Brasil, seg\u00fan inform\u00f3 Europa Press a partir de declaraciones del l\u00edder opositor israel\u00ed Yair Lapid. De acuerdo con The Times of Israel, Lapid dijo que \u201cel hecho de que un reservista israel\u00ed se haya visto obligado a huir de Brasil en plena noche para evitar ser arrestado por luchar en Gaza es un enorme fracaso pol\u00edtico de un gobierno irresponsable que simplemente no sabe c\u00f3mo trabajar\u201d.<\/p>\n","protected":false},"excerpt":{"rendered":"<p>Uno de los militares sospechados de cr\u00edmenes contra la humanidad en Gaza.<\/p>\n","protected":false},"author":2,"featured_media":10562,"comment_status":"open","ping_status":"open","sticky":false,"template":"","format":"standard","meta":{"footnotes":""},"categories":[5,726],"tags":[411,2942,563,567,4854,234,3102,2123,3880,1096,4853],"class_list":["post-10561","post","type-post","status-publish","format-standard","has-post-thumbnail","hentry","category-nacionales","category-sociedad","tag-argentina","tag-benjamin-netanyahu","tag-brasil","tag-chile","tag-crimenes","tag-gaza","tag-guerra","tag-investigacion","tag-israelies","tag-militares","tag-sospechados"],"_links":{"self":[{"href":"https:\/\/partediario.com.ar\/index.php?rest_route=\/wp\/v2\/posts\/10561","targetHints":{"allow":["GET"]}}],"collection":[{"href":"https:\/\/partediario.com.ar\/index.php?rest_route=\/wp\/v2\/posts"}],"about":[{"href":"https:\/\/partediario.com.ar\/index.php?rest_route=\/wp\/v2\/types\/post"}],"author":[{"embeddable":true,"href":"https:\/\/partediario.com.ar\/index.php?rest_route=\/wp\/v2\/users\/2"}],"replies":[{"embeddable":true,"href":"https:\/\/partediario.com.ar\/index.php?rest_route=%2Fwp%2Fv2%2Fcomments&post=10561"}],"version-history":[{"count":1,"href":"https:\/\/partediario.com.ar\/index.php?rest_route=\/wp\/v2\/posts\/10561\/revisions"}],"predecessor-version":[{"id":10563,"href":"https:\/\/partediario.com.ar\/index.php?rest_route=\/wp\/v2\/posts\/10561\/revisions\/10563"}],"wp:featuredmedia":[{"embeddable":true,"href":"https:\/\/partediario.com.ar\/index.php?rest_route=\/wp\/v2\/media\/10562"}],"wp:attachment":[{"href":"https:\/\/partediario.com.ar\/index.php?rest_route=%2Fwp%2Fv2%2Fmedia&parent=10561"}],"wp:term":[{"taxonomy":"category","embeddable":true,"href":"https:\/\/partediario.com.ar\/index.php?rest_route=%2Fwp%2Fv2%2Fcategories&post=10561"},{"taxonomy":"post_tag","embeddable":true,"href":"https:\/\/partediario.com.ar\/index.php?rest_route=%2Fwp%2Fv2%2Ftags&post=10561"}],"curies":[{"name":"wp","href":"https:\/\/api.w.org\/{rel}","templated":true}]}}