{"id":10605,"date":"2025-01-07T17:28:50","date_gmt":"2025-01-07T20:28:50","guid":{"rendered":"https:\/\/partediario.com.ar\/?p=10605"},"modified":"2025-01-10T11:00:42","modified_gmt":"2025-01-10T14:00:42","slug":"esteban-bullrich-contesto-con-una-frase-contundente-al-agravio-de-nicolas-marquez-biografo-de-javier-milei","status":"publish","type":"post","link":"https:\/\/partediario.com.ar\/?p=10605","title":{"rendered":"Esteban Bullrich contest\u00f3 con una frase contundente al agravio de Nicol\u00e1s M\u00e1rquez, bi\u00f3grafo de Javier Milei"},"content":{"rendered":"\n<h3 class=\"wp-block-heading\">El ex ministro de Educaci\u00f3n Esteban Bullrich llam\u00f3 hoy a \u00abno tomar una cr\u00edtica de alguien de quien no tomar\u00edas un consejo\u00bb, lo hizo al contestar el agravio en su contra por parte del escritor Nicol\u00e1s M\u00e1rquez, bi\u00f3grafo y amigo del presidente Javier Milei.<\/h3>\n\n\n\n<p class=\"has-black-color has-white-background-color has-text-color has-background has-link-color wp-elements-f07b7a5ad6763652e2737b552f4a83a9\"><strong>\u00abNo tomes una cr\u00edtica de alguien que no tomar\u00edas un consejo\u2026 <\/strong> Gracias a todos por los saludos y el amor que recib\u00ed\u00bb, manifest\u00f3 el ex senador desde sus redes sociales.<\/p>\n\n\n\n<p class=\"has-black-color has-white-background-color has-text-color has-background has-link-color wp-elements-09549fd2af4f814842cdd4821b6dfcdb\">La respuesta de Bullrich se dio despu\u00e9s que el escritor Nicol\u00e1s M\u00e1rquez publicara que Bullrich es \u00abconocido\u00bb por su enfermedad, debido a que padece ELA, y no por su \u00abcapacidad\u00bb como servidor p\u00fablico.<\/p>\n\n\n\n<p class=\"has-black-color has-white-background-color has-text-color has-background has-link-color wp-elements-21205b3c5800a8865dbf232fc024f2b5\">\u00abSe te conoce no por tu capacidad como funcionario sino por tu enfermedad, que ojal\u00e1 puedas superar\u00bb, hab\u00eda publicado M\u00e1rquez en Twitter, en un comentario que provoc\u00f3 fuertes repercusiones en redes sociales.<\/p>\n\n\n\n<p>En abril de 2021, Bullrich anunci\u00f3 que padec\u00eda Esclerosis Lateral Amiotr\u00f3fica (ELA), una enfermedad cr\u00f3nica degenerativa que afecta las neuronas y la m\u00e9dula espinal y hacer perder el control muscular.<\/p>\n\n\n\n<p><strong>Lourdes Arrieta denunci\u00f3 penalmente a la pluma de Milei<\/strong><\/p>\n\n\n\n<p>Ante ese comentario agresivo de M\u00e1rquez, Lourdes Arrieta intervino con una denuncia penal, seg\u00fan inform\u00f3 en sus redes sociales.<\/p>\n\n\n\n<p>La legisladora, que meses atr\u00e1s renunci\u00f3 al bloque de La Libertad Avanza (LLA), indic\u00f3 que present\u00f3 la denuncia penal contra M\u00e1rquez por \u00absus declaraciones discriminatorias\u00bb hacia el dirigente del PRO.<\/p>\n\n\n\n<p>\u00abSus palabras vulneran la dignidad y los derechos de todos y son un mal ejemplo de pregonar las ideas de la libertad\u00bb, asegur\u00f3 la diputada.<\/p>\n\n\n\n<p>\u00abDecir que una persona solo es conocida por su enfermedad no s\u00f3lo es una falta de sensibilidad y empat\u00eda: es discriminaci\u00f3n. No podemos permitir que este tipo de discursos sigan perpetuando estigmas y exclusi\u00f3n en nuestra sociedad, y se difundan como naturales\u00bb, agreg\u00f3.<\/p>\n\n\n\n<p>Y mencion\u00f3 que \u00abla Ley N\u00b0 23.592 proh\u00edbe cualquier acto que menoscabe los derechos de una persona por su condici\u00f3n de salud.<\/p>\n\n\n\n<p>No se trata s\u00f3lo del Sr. Bullrich; se trata de proteger a todos aquellos que enfrentan situaciones similares, porque como seres humanos no estamos exceptos de nada\u00bb, concluy\u00f3 Arrieta.<\/p>\n\n\n\n<p>El ex embajador argentino en Espa\u00f1a Ricardo Alfons\u00edn expres\u00f3 desde sus redes: \u00abTodos te quieren, querido Esteban Bullrich. Y no es casualidad, todos saben que sos una gran persona. El post de este se\u00f1or solo habla de su escasa estatura moral. Nada puede justificarlo. Te mando un abrazo enorme\u00bb.<\/p>\n","protected":false},"excerpt":{"rendered":"<p>El ex ministro de Educaci&oacute;n Esteban Bullrich llam&oacute; hoy a &laquo;no tomar una cr&iacute;tica de alguien de quien no tomar&iacute;as un consejo&raquo;, lo hizo al contestar el agravio en su contra por parte del escritor Nicol&aacute;s M&aacute;rquez, bi&oacute;grafo y amigo del presidente Javier Milei. &laquo;No tomes una cr&iacute;tica de alguien que no tomar&iacute;as un consejo&hellip; [&hellip;]<\/p>\n","protected":false},"author":2,"featured_media":10606,"comment_status":"open","ping_status":"open","sticky":false,"template":"","format":"standard","meta":{"footnotes":""},"categories":[5,176],"tags":[4878,232,2805,4879],"class_list":["post-10605","post","type-post","status-publish","format-standard","has-post-thumbnail","hentry","category-nacionales","category-politica","tag-esteban-bullrich","tag-javier-milei","tag-lourdes-arrieta","tag-nicolas-marquez"],"_links":{"self":[{"href":"https:\/\/partediario.com.ar\/index.php?rest_route=\/wp\/v2\/posts\/10605","targetHints":{"allow":["GET"]}}],"collection":[{"href":"https:\/\/partediario.com.ar\/index.php?rest_route=\/wp\/v2\/posts"}],"about":[{"href":"https:\/\/partediario.com.ar\/index.php?rest_route=\/wp\/v2\/types\/post"}],"author":[{"embeddable":true,"href":"https:\/\/partediario.com.ar\/index.php?rest_route=\/wp\/v2\/users\/2"}],"replies":[{"embeddable":true,"href":"https:\/\/partediario.com.ar\/index.php?rest_route=%2Fwp%2Fv2%2Fcomments&post=10605"}],"version-history":[{"count":1,"href":"https:\/\/partediario.com.ar\/index.php?rest_route=\/wp\/v2\/posts\/10605\/revisions"}],"predecessor-version":[{"id":10607,"href":"https:\/\/partediario.com.ar\/index.php?rest_route=\/wp\/v2\/posts\/10605\/revisions\/10607"}],"wp:featuredmedia":[{"embeddable":true,"href":"https:\/\/partediario.com.ar\/index.php?rest_route=\/wp\/v2\/media\/10606"}],"wp:attachment":[{"href":"https:\/\/partediario.com.ar\/index.php?rest_route=%2Fwp%2Fv2%2Fmedia&parent=10605"}],"wp:term":[{"taxonomy":"category","embeddable":true,"href":"https:\/\/partediario.com.ar\/index.php?rest_route=%2Fwp%2Fv2%2Fcategories&post=10605"},{"taxonomy":"post_tag","embeddable":true,"href":"https:\/\/partediario.com.ar\/index.php?rest_route=%2Fwp%2Fv2%2Ftags&post=10605"}],"curies":[{"name":"wp","href":"https:\/\/api.w.org\/{rel}","templated":true}]}}