{"id":10608,"date":"2025-01-07T17:36:53","date_gmt":"2025-01-07T20:36:53","guid":{"rendered":"https:\/\/partediario.com.ar\/?p=10608"},"modified":"2025-01-10T11:00:39","modified_gmt":"2025-01-10T14:00:39","slug":"buscan-intensamente-a-una-joven-en-merlo-e-investigan-si-fue-victima-de-trafico-de-personas","status":"publish","type":"post","link":"https:\/\/partediario.com.ar\/?p=10608","title":{"rendered":"Buscan intensamente a una joven en Merlo e investigan si fue v\u00edctima de tr\u00e1fico de personas"},"content":{"rendered":"\n<h3 class=\"wp-block-heading\">Se trata de Valentina Geraldine Ricaldi, una joven de 18 a\u00f1os que fue vista por \u00faltima vez el pasado viernes 5 de enero en la zona de Parque San Mart\u00edn, de donde es oriunda, la Polic\u00eda investiga si se trata de tr\u00e1fico de personas.<\/h3>\n\n\n\n<p>Su familia radic\u00f3 la denuncia y el caso tiene varios huecos sin cubrir, ya que supuestamente su novio le mand\u00f3 pasajes desde Uruguay para que vaya al pa\u00eds vecino.<\/p>\n\n\n\n<p><\/p>\n\n\n\n<figure class=\"wp-block-image size-full\"><img loading=\"lazy\" decoding=\"async\" width=\"720\" height=\"720\" src=\"https:\/\/partediario.com.ar\/wp-content\/uploads\/Busqueda.webp\" alt=\"\" class=\"wp-image-10609\" srcset=\"https:\/\/partediario.com.ar\/wp-content\/uploads\/Busqueda.webp 720w, https:\/\/partediario.com.ar\/wp-content\/uploads\/Busqueda-300x300.webp 300w, https:\/\/partediario.com.ar\/wp-content\/uploads\/Busqueda-150x150.webp 150w\" sizes=\"auto, (max-width: 720px) 100vw, 720px\" \/><\/figure>\n\n\n\n<p><\/p>\n\n\n\n<p>De acuerdo a la informaci\u00f3n que brind\u00f3 la familia, la chica mide 1,65 metros, es delgada, tiene cabello casta\u00f1o oscuro lacio que le llega a la altura de los hombros y ojos marrones. Antes de la desaparici\u00f3n, llevaba puesto una remera blanca, short de jean y zapatillas de la marca 47 Street color rosa y beige.<\/p>\n\n\n\n<p>De acuerdo a fuentes judiciales, la causa sobre su b\u00fasqueda est\u00e1 iniciada como averiguaci\u00f3n de il\u00edcito, es decir, se est\u00e1 intentando corroborar si hay alg\u00fan delito vinculado a su ausencia o si se fue por decisi\u00f3n propia ya que es mayor de edad.<\/p>\n\n\n\n<p>\u201cHay sospechas vinculadas al caso y gente del entorno que habla de captaci\u00f3n, pero sin datos concretos. Lo que se sabe es que la chica sali\u00f3 de la Argentina el 5 de enero a trav\u00e9s de Buquebus seg\u00fan confirmaron en Migraciones\u201d, indicaron voceros de la pesquisa.<\/p>\n\n\n\n<p>Antes de lo sucedido, la chica recibi\u00f3 un pasaje enviado por un supuesto novio, al que conoci\u00f3 por Instagram y le coment\u00f3 que en aquel pa\u00eds la joven \u201ciba a estar mejor\u201d, pero despu\u00e9s de eso no tuvieron m\u00e1s comunicaci\u00f3n.<\/p>\n\n\n\n<p>La denuncia fue girada por la Fiscal\u00eda N\u00ba 3 de Mor\u00f3n a la N\u00ba 9, que se encarga de la tem\u00e1tica Trata de Personas.<\/p>\n\n\n\n<p>El fiscal Ezequiel Lovillo tiene en su poder el expediente para intentar establecer el paradero de la joven. Por lo pronto, en redes sociales la b\u00fasqueda se viraliz\u00f3.<\/p>\n","protected":false},"excerpt":{"rendered":"<p>Se trata de Valentina Geraldine Ricaldi, una joven de 18 a&ntilde;os que fue vista por &uacute;ltima vez el pasado viernes 5 de enero en la zona de Parque San Mart&iacute;n, de donde es oriunda, la Polic&iacute;a investiga si se trata de tr&aacute;fico de personas. Su familia radic&oacute; la denuncia y el caso tiene varios huecos [&hellip;]<\/p>\n","protected":false},"author":2,"featured_media":10610,"comment_status":"open","ping_status":"open","sticky":false,"template":"","format":"standard","meta":{"footnotes":""},"categories":[5,7],"tags":[4882,449,951,3506,4881,1044,4880],"class_list":["post-10608","post","type-post","status-publish","format-standard","has-post-thumbnail","hentry","category-nacionales","category-policiales","tag-buquebus","tag-busqueda","tag-joven","tag-merlo","tag-parque-san-martin","tag-uruguay","tag-valentina-geraldine-ricaldi"],"_links":{"self":[{"href":"https:\/\/partediario.com.ar\/index.php?rest_route=\/wp\/v2\/posts\/10608","targetHints":{"allow":["GET"]}}],"collection":[{"href":"https:\/\/partediario.com.ar\/index.php?rest_route=\/wp\/v2\/posts"}],"about":[{"href":"https:\/\/partediario.com.ar\/index.php?rest_route=\/wp\/v2\/types\/post"}],"author":[{"embeddable":true,"href":"https:\/\/partediario.com.ar\/index.php?rest_route=\/wp\/v2\/users\/2"}],"replies":[{"embeddable":true,"href":"https:\/\/partediario.com.ar\/index.php?rest_route=%2Fwp%2Fv2%2Fcomments&post=10608"}],"version-history":[{"count":1,"href":"https:\/\/partediario.com.ar\/index.php?rest_route=\/wp\/v2\/posts\/10608\/revisions"}],"predecessor-version":[{"id":10611,"href":"https:\/\/partediario.com.ar\/index.php?rest_route=\/wp\/v2\/posts\/10608\/revisions\/10611"}],"wp:featuredmedia":[{"embeddable":true,"href":"https:\/\/partediario.com.ar\/index.php?rest_route=\/wp\/v2\/media\/10610"}],"wp:attachment":[{"href":"https:\/\/partediario.com.ar\/index.php?rest_route=%2Fwp%2Fv2%2Fmedia&parent=10608"}],"wp:term":[{"taxonomy":"category","embeddable":true,"href":"https:\/\/partediario.com.ar\/index.php?rest_route=%2Fwp%2Fv2%2Fcategories&post=10608"},{"taxonomy":"post_tag","embeddable":true,"href":"https:\/\/partediario.com.ar\/index.php?rest_route=%2Fwp%2Fv2%2Ftags&post=10608"}],"curies":[{"name":"wp","href":"https:\/\/api.w.org\/{rel}","templated":true}]}}