{"id":10627,"date":"2025-01-08T17:47:34","date_gmt":"2025-01-08T20:47:34","guid":{"rendered":"https:\/\/partediario.com.ar\/?p=10627"},"modified":"2025-01-10T11:00:22","modified_gmt":"2025-01-10T14:00:22","slug":"parques-nacionales-anuncio-el-inminente-desalojo-de-un-grupo-autodenominado-mapuche-en-los-alerces-provincia-de-chubut","status":"publish","type":"post","link":"https:\/\/partediario.com.ar\/?p=10627","title":{"rendered":"Parques Nacionales anunci\u00f3 el inminente desalojo de un grupo autodenominado mapuche en Los Alerces, provincia de Chubut"},"content":{"rendered":"\n<h3 class=\"wp-block-heading\">El Ministerio de Seguridad de la Naci\u00f3n, en colaboraci\u00f3n con la Vicejefatura de Gabinete del Interior y la Administraci\u00f3n de Parques Nacionales, desalojar\u00e1 al grupo autodenominado mapuche encabezado por Cruz C\u00e1rdenas, que desde 2020 ocupa ilegalmente \u00e1reas protegidas del Parque Nacional Los Alerces, en la provincia de Chubut.<\/h3>\n\n\n\n<p>Seg\u00fan precisa el comunicado, el operativo se llevar\u00e1 adelante por las fuerzas federales con el objetivo de restablecer el orden y garantizar el cumplimiento irrestricto de la ley. El comunicado detalla que la ocupaci\u00f3n incluye una seccional de Guardaparques y ha generado conflictos en la zona, con ataques verbales y f\u00edsicos al personal de la Administraci\u00f3n de Parques Nacionales, adem\u00e1s de un grave perjuicio al derecho de propiedad del Estado Nacional.<\/p>\n\n\n\n<p><\/p>\n\n\n\n<figure class=\"wp-block-image size-full\"><img loading=\"lazy\" decoding=\"async\" width=\"576\" height=\"720\" src=\"https:\/\/partediario.com.ar\/wp-content\/uploads\/Desalojo.webp\" alt=\"\" class=\"wp-image-10628\" srcset=\"https:\/\/partediario.com.ar\/wp-content\/uploads\/Desalojo.webp 576w, https:\/\/partediario.com.ar\/wp-content\/uploads\/Desalojo-240x300.webp 240w\" sizes=\"auto, (max-width: 576px) 100vw, 576px\" \/><\/figure>\n\n\n\n<p><\/p>\n\n\n\n<p>\u00abEl Gobierno Nacional ha decidido no prorrogar la Ley N.\u00ba 26.160 de emergencia territorial ind\u00edgena, una legislaci\u00f3n impulsada y respaldada por administraciones anteriores, que suspend\u00eda la ejecuci\u00f3n de desalojos en territorios reclamados por determinados grupos\u00bb, indica el texto oficial.<\/p>\n\n\n\n<p>A partir de esta decisi\u00f3n, el Gobierno retoma la facultad de actuar en defensa de la propiedad y el orden legal, siempre que existan sentencias firmes dictadas por la Justicia. El operativo se realizar\u00e1 bajo estrictos protocolos de seguridad, con el fin de proteger tanto la integridad de las personas como la preservaci\u00f3n del entorno natural.<\/p>\n\n\n\n<p>\u00abEste procedimiento tiene como objetivo poner fin a una situaci\u00f3n que ha alterado la tranquilidad de la comunidad local y perjudicado, de manera directa o indirecta, los intereses de todos los argentinos\u00bb, se\u00f1ala el comunicado.<\/p>\n","protected":false},"excerpt":{"rendered":"<p>El Ministerio de Seguridad de la Naci&oacute;n, en colaboraci&oacute;n con la Vicejefatura de Gabinete del Interior y la Administraci&oacute;n de Parques Nacionales, desalojar&aacute; al grupo autodenominado mapuche encabezado por Cruz C&aacute;rdenas, que desde 2020 ocupa ilegalmente &aacute;reas protegidas del Parque Nacional Los Alerces, en la provincia de Chubut. Seg&uacute;n precisa el comunicado, el operativo se [&hellip;]<\/p>\n","protected":false},"author":2,"featured_media":10629,"comment_status":"open","ping_status":"open","sticky":false,"template":"","format":"standard","meta":{"footnotes":""},"categories":[5,176],"tags":[4826,4893,4338,4891,4892,4885],"class_list":["post-10627","post","type-post","status-publish","format-standard","has-post-thumbnail","hentry","category-nacionales","category-politica","tag-chubut","tag-cruz-cardenas","tag-desalojo","tag-grupo","tag-mapuche","tag-parques-nacionales"],"_links":{"self":[{"href":"https:\/\/partediario.com.ar\/index.php?rest_route=\/wp\/v2\/posts\/10627","targetHints":{"allow":["GET"]}}],"collection":[{"href":"https:\/\/partediario.com.ar\/index.php?rest_route=\/wp\/v2\/posts"}],"about":[{"href":"https:\/\/partediario.com.ar\/index.php?rest_route=\/wp\/v2\/types\/post"}],"author":[{"embeddable":true,"href":"https:\/\/partediario.com.ar\/index.php?rest_route=\/wp\/v2\/users\/2"}],"replies":[{"embeddable":true,"href":"https:\/\/partediario.com.ar\/index.php?rest_route=%2Fwp%2Fv2%2Fcomments&post=10627"}],"version-history":[{"count":1,"href":"https:\/\/partediario.com.ar\/index.php?rest_route=\/wp\/v2\/posts\/10627\/revisions"}],"predecessor-version":[{"id":10630,"href":"https:\/\/partediario.com.ar\/index.php?rest_route=\/wp\/v2\/posts\/10627\/revisions\/10630"}],"wp:featuredmedia":[{"embeddable":true,"href":"https:\/\/partediario.com.ar\/index.php?rest_route=\/wp\/v2\/media\/10629"}],"wp:attachment":[{"href":"https:\/\/partediario.com.ar\/index.php?rest_route=%2Fwp%2Fv2%2Fmedia&parent=10627"}],"wp:term":[{"taxonomy":"category","embeddable":true,"href":"https:\/\/partediario.com.ar\/index.php?rest_route=%2Fwp%2Fv2%2Fcategories&post=10627"},{"taxonomy":"post_tag","embeddable":true,"href":"https:\/\/partediario.com.ar\/index.php?rest_route=%2Fwp%2Fv2%2Ftags&post=10627"}],"curies":[{"name":"wp","href":"https:\/\/api.w.org\/{rel}","templated":true}]}}