{"id":10640,"date":"2025-01-08T18:13:46","date_gmt":"2025-01-08T21:13:46","guid":{"rendered":"https:\/\/partediario.com.ar\/?p=10640"},"modified":"2025-01-10T11:00:07","modified_gmt":"2025-01-10T14:00:07","slug":"una-de-las-acusadas-remarco-que-hubo-una-mano-asesina-en-la-muerte-de-los-bebes-en-cordoba","status":"publish","type":"post","link":"https:\/\/partediario.com.ar\/?p=10640","title":{"rendered":"Una de las acusadas remarc\u00f3 que hubo una \u00abmano asesina\u00bb, en la muerte de los beb\u00e9s en C\u00f3rdoba"},"content":{"rendered":"\n<h3 class=\"wp-block-heading\">En medio del tercer d\u00eda del juicio por jurados populares que investiga la muerte de cinco beb\u00e9s en el Hospital Materno Neonatal de C\u00f3rdoba, declar\u00f3 Adriana Moralez, una de las once acusadas, y manifest\u00f3 que hubo una \u00abmano asesina\u00bb.<\/h3>\n\n\n\n<p>Moralez, quien era coordinadora del Comit\u00e9 de Vigilancia y Mortalidad Materna Infantil del nosocomio, compareci\u00f3 casi tres horas y respondi\u00f3 preguntas, a diferencia de los dem\u00e1s acusados.<\/p>\n\n\n\n<p>La mujer contest\u00f3 ante la interrogaci\u00f3n de la fiscal Mercedes Balestrini que \u00abno tiene dudas de que hubo una mano asesina\u00bb y que \u00abnecesita saber qui\u00e9n mat\u00f3 a esos ni\u00f1os\u00bb.<\/p>\n\n\n\n<p>Moralez se encuentra imputada por los delitos de omisi\u00f3n de deberes de funcionario p\u00fablico en concurso ideal con encubrimiento doblemente calificado por la gravedad del hecho precedente y por la calidad de funcionario p\u00fablico.<\/p>\n\n\n\n<p>Indic\u00f3 que dadas las circunstancias, \u00abcon dos autopsias con causa no natural, le resulta inevitable que no pueda asociar para atr\u00e1s que Gino, que Isabella, tal vez Francisco, Benjam\u00edn y otros ni\u00f1os, fueron v\u00edctimas\u00bb.<\/p>\n\n\n\n<p>El jueves se espera que sea sometida a indagatoria la ex vicedirectora del Neonatal Claudia Ringelheim y que declaren algunos familiares de los damnificados como Jaime P\u00e9rez, Brisa Molina, Yoselin Rojas y Damaris Bustamante, al tiempo que habr\u00e1 un cuarto intermedio hasta el lunes 13 de enero.<\/p>\n\n\n\n<p><strong>La declaraci\u00f3n de la ex directora del Neonatal<\/strong><\/p>\n\n\n\n<p>La ex directora del centro de salud Liliana As\u00eds, quien est\u00e1 con prisi\u00f3n domiciliaria por los il\u00edcitos de encubrimiento, y omisi\u00f3n de los deberes de funcionario p\u00fablico, no contest\u00f3 preguntas, pero llor\u00f3 y dijo: \u00abNunca en mi vida pens\u00e9 que en vivir la situaci\u00f3n que estoy viviendo, estar presa despu\u00e9s de trabajar toda una vida\u00bb.<\/p>\n\n\n\n<p>\u00abCuando me fueron a detener a mi casa, ir en una camioneta grande, sola, atr\u00e1s, para sacarme una foto de frente y perfil y que me saquen fotos esposada, los polic\u00edas. C\u00f3mo se siente una persona en esa situaci\u00f3n, al final de la vida\u00bb, agreg\u00f3 la profesional.<\/p>\n\n\n\n<p>El ex ministro de Salud de C\u00f3rdoba, Diego Cardozo, compareci\u00f3 con barbijo durante diez minutos frente a los magistrados Patricia Soria, Jos\u00e9 Daniel Cesano y Laura Huberman.<\/p>\n\n\n\n<p>\u00abEs un momento dif\u00edcil, tuve un a\u00f1o 2024 muy cr\u00edtico\u00bb, asegur\u00f3 con respecto a su estado de salud\u00bb, y afirm\u00f3 que es \u00abinocente\u00bb.<\/p>\n","protected":false},"excerpt":{"rendered":"<p>En medio del tercer d&iacute;a del juicio por jurados populares que investiga la muerte de cinco beb&eacute;s en el Hospital Materno Neonatal de C&oacute;rdoba, declar&oacute; Adriana Moralez, una de las once acusadas, y manifest&oacute; que hubo una &laquo;mano asesina&raquo;. Moralez, quien era coordinadora del Comit&eacute; de Vigilancia y Mortalidad Materna Infantil del nosocomio, compareci&oacute; casi [&hellip;]<\/p>\n","protected":false},"author":2,"featured_media":10641,"comment_status":"open","ping_status":"open","sticky":false,"template":"","format":"standard","meta":{"footnotes":""},"categories":[979,7,8],"tags":[4900,4868,303,1935,4901,4902],"class_list":["post-10640","post","type-post","status-publish","format-standard","has-post-thumbnail","hentry","category-judiciales","category-policiales","category-provinciales","tag-adriana-moralez","tag-bebes","tag-cordoba","tag-declaro","tag-hospital-materno-neonatal","tag-mercedes-balestrini"],"_links":{"self":[{"href":"https:\/\/partediario.com.ar\/index.php?rest_route=\/wp\/v2\/posts\/10640","targetHints":{"allow":["GET"]}}],"collection":[{"href":"https:\/\/partediario.com.ar\/index.php?rest_route=\/wp\/v2\/posts"}],"about":[{"href":"https:\/\/partediario.com.ar\/index.php?rest_route=\/wp\/v2\/types\/post"}],"author":[{"embeddable":true,"href":"https:\/\/partediario.com.ar\/index.php?rest_route=\/wp\/v2\/users\/2"}],"replies":[{"embeddable":true,"href":"https:\/\/partediario.com.ar\/index.php?rest_route=%2Fwp%2Fv2%2Fcomments&post=10640"}],"version-history":[{"count":1,"href":"https:\/\/partediario.com.ar\/index.php?rest_route=\/wp\/v2\/posts\/10640\/revisions"}],"predecessor-version":[{"id":10642,"href":"https:\/\/partediario.com.ar\/index.php?rest_route=\/wp\/v2\/posts\/10640\/revisions\/10642"}],"wp:featuredmedia":[{"embeddable":true,"href":"https:\/\/partediario.com.ar\/index.php?rest_route=\/wp\/v2\/media\/10641"}],"wp:attachment":[{"href":"https:\/\/partediario.com.ar\/index.php?rest_route=%2Fwp%2Fv2%2Fmedia&parent=10640"}],"wp:term":[{"taxonomy":"category","embeddable":true,"href":"https:\/\/partediario.com.ar\/index.php?rest_route=%2Fwp%2Fv2%2Fcategories&post=10640"},{"taxonomy":"post_tag","embeddable":true,"href":"https:\/\/partediario.com.ar\/index.php?rest_route=%2Fwp%2Fv2%2Ftags&post=10640"}],"curies":[{"name":"wp","href":"https:\/\/api.w.org\/{rel}","templated":true}]}}