{"id":10644,"date":"2025-01-08T18:18:12","date_gmt":"2025-01-08T21:18:12","guid":{"rendered":"https:\/\/partediario.com.ar\/?p=10644"},"modified":"2025-01-10T11:00:03","modified_gmt":"2025-01-10T14:00:03","slug":"el-presidente-de-colombia-informo-que-no-asistira-a-la-asuncion-de-maduro-en-venezuela","status":"publish","type":"post","link":"https:\/\/partediario.com.ar\/?p=10644","title":{"rendered":"El presidente de Colombia inform\u00f3 que no asistir\u00e1 a la asunci\u00f3n de Maduro en Venezuela"},"content":{"rendered":"\n<h3 class=\"wp-block-heading\">El presidente de Colombia, Gustavo Petro, anunci\u00f3 hoy que no asistir\u00e1 a la investidura de Nicol\u00e1s Maduro como presidente de Venezuela, programada para el pr\u00f3ximo viernes 10 de enero, sin embargo aclar\u00f3 que no romper\u00e1 relaciones con el pa\u00eds vecino.<\/h3>\n\n\n\n<p>En un mensaje a trav\u00e9s de su cuenta en la red social X, el mandatario asegur\u00f3 que Colombia no intervendr\u00e1 en los \u00abasuntos internos de ese pa\u00eds sin invitaci\u00f3n\u00bb, pero argument\u00f3 que tampoco puede reconocer las elecciones de 2024 en Venezuela \u00abque no fueron libres\u00bb.<\/p>\n\n\n\n<p>\u00abEl Gobierno colombiano entiende que nuestros dos pueblos est\u00e1n ligados por sangre, cultura e historia, y que cerrar fronteras, evitar el relacionamiento diplom\u00e1tico y separar nuestros pueblos a la fuerza es de una brutalidad enorme\u00bb, destac\u00f3 Petro, al se\u00f1alar que \u00abcualquier desavenencia entre los gobiernos no debe serlo entre nuestros pueblos\u00bb.<\/p>\n\n\n\n<p>Petro llam\u00f3 a proteger los derechos humanos de los venezolanos, adem\u00e1s de ofrecer su respaldo en cualquier proceso de di\u00e1logo que permita establecer la paz en Venezuela y en Latinoam\u00e9rica.<\/p>\n\n\n\n<p>\u00abLas fuerzas progresistas de Colombia mantendr\u00e1n su relaci\u00f3n de colaboraci\u00f3n y amistad con todas las fuerzas progresistas de Venezuela en procura de un gran di\u00e1logo pol\u00edtico y social que lleve a la paz a toda la regi\u00f3n y prevenga la violencia\u00bb, concluy\u00f3.<\/p>\n","protected":false},"excerpt":{"rendered":"<p>El presidente de Colombia, Gustavo Petro, anunci&oacute; hoy que no asistir&aacute; a la investidura de Nicol&aacute;s Maduro como presidente de Venezuela, programada para el pr&oacute;ximo viernes 10 de enero, sin embargo aclar&oacute; que no romper&aacute; relaciones con el pa&iacute;s vecino. En un mensaje a trav&eacute;s de su cuenta en la red social X, el mandatario [&hellip;]<\/p>\n","protected":false},"author":2,"featured_media":10645,"comment_status":"open","ping_status":"open","sticky":false,"template":"","format":"standard","meta":{"footnotes":""},"categories":[9],"tags":[4905],"class_list":["post-10644","post","type-post","status-publish","format-standard","has-post-thumbnail","hentry","category-internacionales","tag-gustavo-petro-asuncion-nicolas-maduro-venezuela"],"_links":{"self":[{"href":"https:\/\/partediario.com.ar\/index.php?rest_route=\/wp\/v2\/posts\/10644","targetHints":{"allow":["GET"]}}],"collection":[{"href":"https:\/\/partediario.com.ar\/index.php?rest_route=\/wp\/v2\/posts"}],"about":[{"href":"https:\/\/partediario.com.ar\/index.php?rest_route=\/wp\/v2\/types\/post"}],"author":[{"embeddable":true,"href":"https:\/\/partediario.com.ar\/index.php?rest_route=\/wp\/v2\/users\/2"}],"replies":[{"embeddable":true,"href":"https:\/\/partediario.com.ar\/index.php?rest_route=%2Fwp%2Fv2%2Fcomments&post=10644"}],"version-history":[{"count":1,"href":"https:\/\/partediario.com.ar\/index.php?rest_route=\/wp\/v2\/posts\/10644\/revisions"}],"predecessor-version":[{"id":10646,"href":"https:\/\/partediario.com.ar\/index.php?rest_route=\/wp\/v2\/posts\/10644\/revisions\/10646"}],"wp:featuredmedia":[{"embeddable":true,"href":"https:\/\/partediario.com.ar\/index.php?rest_route=\/wp\/v2\/media\/10645"}],"wp:attachment":[{"href":"https:\/\/partediario.com.ar\/index.php?rest_route=%2Fwp%2Fv2%2Fmedia&parent=10644"}],"wp:term":[{"taxonomy":"category","embeddable":true,"href":"https:\/\/partediario.com.ar\/index.php?rest_route=%2Fwp%2Fv2%2Fcategories&post=10644"},{"taxonomy":"post_tag","embeddable":true,"href":"https:\/\/partediario.com.ar\/index.php?rest_route=%2Fwp%2Fv2%2Ftags&post=10644"}],"curies":[{"name":"wp","href":"https:\/\/api.w.org\/{rel}","templated":true}]}}